{"id":723,"date":"2017-05-24T14:03:21","date_gmt":"2017-05-24T12:03:21","guid":{"rendered":"https:\/\/mozartdinner.cz\/?p=723\/"},"modified":"2017-09-04T16:07:17","modified_gmt":"2017-09-04T14:07:17","slug":"prosinci-adventni-silvestrovska-vecere-mozartem-2","status":"publish","type":"post","link":"https:\/\/mozartdinner.cz\/cs\/prosinci-adventni-silvestrovska-vecere-mozartem-2\/","title":{"rendered":"V prosinci adventn\u00ed a silvestrovsk\u00e1 Ve\u010de\u0159e s Mozartem!"},"content":{"rendered":"<p>Mil\u00ed div\u00e1ci,<\/p>\n<p>v\u00a0prosinci pro v\u00e1s p\u0159ipravujeme<strong> adventn\u00ed koncerty s\u00a0v\u00e1no\u010dn\u00edmi koledami<\/strong> a v\u00e1no\u010dn\u00ed v\u00fdzdobou Boccaccio s\u00e1lu. Po Mozartov\u00fdch oper\u00e1ch v\u00e1m na konci programu zazp\u00edvaj\u00ed opern\u00ed p\u011bvci Daniel Kl\u00e1nsk\u00fd a Terezie \u0160varcov\u00e1 (nebo Gabriela Kopperov\u00e1 a Andrej Bene\u0161) ty nejkr\u00e1sn\u011bj\u0161\u00ed v\u00e1no\u010dn\u00ed koledy.<\/p>\n<p>Na <strong>\u0160t\u011bdr\u00fd den a Bo\u017e\u00ed hod v\u00e1no\u010dn\u00ed<\/strong>\u00a0se m\u016f\u017eete t\u011b\u0161it na\u00a0speci\u00e1ln\u00ed v\u00e1no\u010dn\u00ed menu a roz\u0161\u00ed\u0159en\u00fd program o jeden blok.<\/p>\n<p>29. 12. a 30. 12. 2017 v\u00e1s \u010dek\u00e1 speci\u00e1ln\u00ed <strong>silvestrovsk\u00fd program<\/strong>, kdy v\u00a0posledn\u00ed \u010d\u00e1sti ve\u010dera usly\u0161\u00edte <strong>val\u010d\u00edky od Johanna Strausse mlad\u0161\u00edho i star\u0161\u00edho<\/strong> a na\u0161i um\u011blci v\u00e1m pop\u0159ej\u00ed \u0161\u0165astn\u00fd Nov\u00fd rok.<\/p>\n<p>31. 12. pak m\u016f\u017eete za\u017e\u00edt v\u00fdjime\u010dnou <a title=\"Silvestrovsk\u00e1 gala Ve\u010de\u0159e s Mozartem\" href=\"https:\/\/www.mozartdinner.cz\/new-years-eve\/?lang=CS\"><strong>Galave\u010de\u0159i s\u00a0Mozartem<\/strong><\/a> s\u00a0vynikaj\u00edc\u00ed z\u00e1bavou i po p\u016flnoci a ve\u010de\u0159\u00ed o \u0161esti chodech. V\u00edce informac\u00ed najdete <a title=\"Silvestrovsk\u00e1 gala Ve\u010de\u0159e s Mozartem\" href=\"https:\/\/www.mozartdinner.cz\/new-years-eve\/?lang=CS\">zde<\/a>.<\/p>\n<p>Budeme se na v\u00e1s t\u011b\u0161it!<\/p>\n<p>Va\u0161e Live City<\/p>\n","protected":false},"excerpt":{"rendered":"<p>Mil\u00ed div\u00e1ci, v\u00a0prosinci pro v\u00e1s p\u0159ipravujeme adventn\u00ed koncerty s\u00a0v\u00e1no\u010dn\u00edmi koledami a v\u00e1no\u010dn\u00ed v\u00fdzdobou Boccaccio s\u00e1lu. Po Mozartov\u00fdch oper\u00e1ch v\u00e1m na konci programu zazp\u00edvaj\u00ed opern\u00ed p\u011bvci Daniel Kl\u00e1nsk\u00fd a Terezie \u0160varcov\u00e1 (nebo Gabriela Kopperov\u00e1 a Andrej Bene\u0161) ty nejkr\u00e1sn\u011bj\u0161\u00ed v\u00e1no\u010dn\u00ed koledy. Na \u0160t\u011bdr\u00fd den a Bo\u017e\u00ed hod v\u00e1no\u010dn\u00ed\u00a0se m\u016f\u017eete t\u011b\u0161it na\u00a0speci\u00e1ln\u00ed v\u00e1no\u010dn\u00ed menu a roz\u0161\u00ed\u0159en\u00fd program [&hellip;]<\/p>\n","protected":false},"author":1,"featured_media":0,"comment_status":"open","ping_status":"open","sticky":false,"template":"","format":"standard","meta":{"footnotes":""},"categories":[1],"tags":[],"class_list":["post-723","post","type-post","status-publish","format-standard","hentry","category-uncategorized-cs"],"yoast_head":"<!-- This site is optimized with the Yoast SEO plugin v27.5 - https:\/\/yoast.com\/product\/yoast-seo-wordpress\/ -->\n<title>V prosinci adventn\u00ed a silvestrovsk\u00e1 Ve\u010de\u0159e s Mozartem! - Mozart Dinner *****<\/title>\n<meta name=\"robots\" content=\"index, follow, max-snippet:-1, max-image-preview:large, max-video-preview:-1\" \/>\n<link rel=\"canonical\" href=\"https:\/\/mozartdinner.cz\/cs\/prosinci-adventni-silvestrovska-vecere-mozartem-2\/\" \/>\n<meta property=\"og:locale\" content=\"cs_CZ\" \/>\n<meta property=\"og:type\" content=\"article\" \/>\n<meta property=\"og:title\" content=\"V prosinci adventn\u00ed a silvestrovsk\u00e1 Ve\u010de\u0159e s Mozartem! - Mozart Dinner *****\" \/>\n<meta property=\"og:description\" content=\"Mil\u00ed div\u00e1ci, v\u00a0prosinci pro v\u00e1s p\u0159ipravujeme adventn\u00ed koncerty s\u00a0v\u00e1no\u010dn\u00edmi koledami a v\u00e1no\u010dn\u00ed v\u00fdzdobou Boccaccio s\u00e1lu. Po Mozartov\u00fdch oper\u00e1ch v\u00e1m na konci programu zazp\u00edvaj\u00ed opern\u00ed p\u011bvci Daniel Kl\u00e1nsk\u00fd a Terezie \u0160varcov\u00e1 (nebo Gabriela Kopperov\u00e1 a Andrej Bene\u0161) ty nejkr\u00e1sn\u011bj\u0161\u00ed v\u00e1no\u010dn\u00ed koledy. Na \u0160t\u011bdr\u00fd den a Bo\u017e\u00ed hod v\u00e1no\u010dn\u00ed\u00a0se m\u016f\u017eete t\u011b\u0161it na\u00a0speci\u00e1ln\u00ed v\u00e1no\u010dn\u00ed menu a roz\u0161\u00ed\u0159en\u00fd program [&hellip;]\" \/>\n<meta property=\"og:url\" content=\"https:\/\/mozartdinner.cz\/cs\/prosinci-adventni-silvestrovska-vecere-mozartem-2\/\" \/>\n<meta property=\"og:site_name\" content=\"Mozart Dinner *****\" \/>\n<meta property=\"article:published_time\" content=\"2017-05-24T12:03:21+00:00\" \/>\n<meta property=\"article:modified_time\" content=\"2017-09-04T14:07:17+00:00\" \/>\n<meta name=\"author\" content=\"mzadmindi\" \/>\n<meta name=\"twitter:card\" content=\"summary_large_image\" \/>\n<meta name=\"twitter:label1\" content=\"Napsal(a)\" \/>\n\t<meta name=\"twitter:data1\" content=\"mzadmindi\" \/>\n\t<meta name=\"twitter:label2\" content=\"Odhadovan\u00e1 doba \u010dten\u00ed\" \/>\n\t<meta name=\"twitter:data2\" content=\"1 minuta\" \/>\n<script type=\"application\/ld+json\" class=\"yoast-schema-graph\">{\"@context\":\"https:\\\/\\\/schema.org\",\"@graph\":[{\"@type\":\"Article\",\"@id\":\"https:\\\/\\\/mozartdinner.cz\\\/cs\\\/prosinci-adventni-silvestrovska-vecere-mozartem-2\\\/#article\",\"isPartOf\":{\"@id\":\"https:\\\/\\\/mozartdinner.cz\\\/cs\\\/prosinci-adventni-silvestrovska-vecere-mozartem-2\\\/\"},\"author\":{\"name\":\"mzadmindi\",\"@id\":\"https:\\\/\\\/mozartdinner.cz\\\/#\\\/schema\\\/person\\\/510a5b969c934320072d341eab69bb23\"},\"headline\":\"V prosinci adventn\u00ed a silvestrovsk\u00e1 Ve\u010de\u0159e s Mozartem!\",\"datePublished\":\"2017-05-24T12:03:21+00:00\",\"dateModified\":\"2017-09-04T14:07:17+00:00\",\"mainEntityOfPage\":{\"@id\":\"https:\\\/\\\/mozartdinner.cz\\\/cs\\\/prosinci-adventni-silvestrovska-vecere-mozartem-2\\\/\"},\"wordCount\":183,\"commentCount\":0,\"articleSection\":[\"Uncategorized @cs\"],\"inLanguage\":\"cs\",\"potentialAction\":[{\"@type\":\"CommentAction\",\"name\":\"Comment\",\"target\":[\"https:\\\/\\\/mozartdinner.cz\\\/cs\\\/prosinci-adventni-silvestrovska-vecere-mozartem-2\\\/#respond\"]}]},{\"@type\":\"WebPage\",\"@id\":\"https:\\\/\\\/mozartdinner.cz\\\/cs\\\/prosinci-adventni-silvestrovska-vecere-mozartem-2\\\/\",\"url\":\"https:\\\/\\\/mozartdinner.cz\\\/cs\\\/prosinci-adventni-silvestrovska-vecere-mozartem-2\\\/\",\"name\":\"V prosinci adventn\u00ed a silvestrovsk\u00e1 Ve\u010de\u0159e s Mozartem! - Mozart Dinner *****\",\"isPartOf\":{\"@id\":\"https:\\\/\\\/mozartdinner.cz\\\/#website\"},\"datePublished\":\"2017-05-24T12:03:21+00:00\",\"dateModified\":\"2017-09-04T14:07:17+00:00\",\"author\":{\"@id\":\"https:\\\/\\\/mozartdinner.cz\\\/#\\\/schema\\\/person\\\/510a5b969c934320072d341eab69bb23\"},\"breadcrumb\":{\"@id\":\"https:\\\/\\\/mozartdinner.cz\\\/cs\\\/prosinci-adventni-silvestrovska-vecere-mozartem-2\\\/#breadcrumb\"},\"inLanguage\":\"cs\",\"potentialAction\":[{\"@type\":\"ReadAction\",\"target\":[\"https:\\\/\\\/mozartdinner.cz\\\/cs\\\/prosinci-adventni-silvestrovska-vecere-mozartem-2\\\/\"]}]},{\"@type\":\"BreadcrumbList\",\"@id\":\"https:\\\/\\\/mozartdinner.cz\\\/cs\\\/prosinci-adventni-silvestrovska-vecere-mozartem-2\\\/#breadcrumb\",\"itemListElement\":[{\"@type\":\"ListItem\",\"position\":1,\"name\":\"Home\",\"item\":\"https:\\\/\\\/mozartdinner.cz\\\/cs\\\/\"},{\"@type\":\"ListItem\",\"position\":2,\"name\":\"V prosinci adventn\u00ed a silvestrovsk\u00e1 Ve\u010de\u0159e s Mozartem!\"}]},{\"@type\":\"WebSite\",\"@id\":\"https:\\\/\\\/mozartdinner.cz\\\/#website\",\"url\":\"https:\\\/\\\/mozartdinner.cz\\\/\",\"name\":\"Mozart Dinner *****\",\"description\":\"Your private opera theater in Prague\",\"potentialAction\":[{\"@type\":\"SearchAction\",\"target\":{\"@type\":\"EntryPoint\",\"urlTemplate\":\"https:\\\/\\\/mozartdinner.cz\\\/?s={search_term_string}\"},\"query-input\":{\"@type\":\"PropertyValueSpecification\",\"valueRequired\":true,\"valueName\":\"search_term_string\"}}],\"inLanguage\":\"cs\"},{\"@type\":\"Person\",\"@id\":\"https:\\\/\\\/mozartdinner.cz\\\/#\\\/schema\\\/person\\\/510a5b969c934320072d341eab69bb23\",\"name\":\"mzadmindi\",\"image\":{\"@type\":\"ImageObject\",\"inLanguage\":\"cs\",\"@id\":\"https:\\\/\\\/secure.gravatar.com\\\/avatar\\\/41c11fc4db7d7d2c189786e67be503044d321df5f42f282e2c522d275618c1c1?s=96&d=mm&r=g\",\"url\":\"https:\\\/\\\/secure.gravatar.com\\\/avatar\\\/41c11fc4db7d7d2c189786e67be503044d321df5f42f282e2c522d275618c1c1?s=96&d=mm&r=g\",\"contentUrl\":\"https:\\\/\\\/secure.gravatar.com\\\/avatar\\\/41c11fc4db7d7d2c189786e67be503044d321df5f42f282e2c522d275618c1c1?s=96&d=mm&r=g\",\"caption\":\"mzadmindi\"}}]}<\/script>\n<!-- \/ Yoast SEO plugin. -->","yoast_head_json":{"title":"V prosinci adventn\u00ed a silvestrovsk\u00e1 Ve\u010de\u0159e s Mozartem! - Mozart Dinner *****","robots":{"index":"index","follow":"follow","max-snippet":"max-snippet:-1","max-image-preview":"max-image-preview:large","max-video-preview":"max-video-preview:-1"},"canonical":"https:\/\/mozartdinner.cz\/cs\/prosinci-adventni-silvestrovska-vecere-mozartem-2\/","og_locale":"cs_CZ","og_type":"article","og_title":"V prosinci adventn\u00ed a silvestrovsk\u00e1 Ve\u010de\u0159e s Mozartem! - Mozart Dinner *****","og_description":"Mil\u00ed div\u00e1ci, v\u00a0prosinci pro v\u00e1s p\u0159ipravujeme adventn\u00ed koncerty s\u00a0v\u00e1no\u010dn\u00edmi koledami a v\u00e1no\u010dn\u00ed v\u00fdzdobou Boccaccio s\u00e1lu. Po Mozartov\u00fdch oper\u00e1ch v\u00e1m na konci programu zazp\u00edvaj\u00ed opern\u00ed p\u011bvci Daniel Kl\u00e1nsk\u00fd a Terezie \u0160varcov\u00e1 (nebo Gabriela Kopperov\u00e1 a Andrej Bene\u0161) ty nejkr\u00e1sn\u011bj\u0161\u00ed v\u00e1no\u010dn\u00ed koledy. Na \u0160t\u011bdr\u00fd den a Bo\u017e\u00ed hod v\u00e1no\u010dn\u00ed\u00a0se m\u016f\u017eete t\u011b\u0161it na\u00a0speci\u00e1ln\u00ed v\u00e1no\u010dn\u00ed menu a roz\u0161\u00ed\u0159en\u00fd program [&hellip;]","og_url":"https:\/\/mozartdinner.cz\/cs\/prosinci-adventni-silvestrovska-vecere-mozartem-2\/","og_site_name":"Mozart Dinner *****","article_published_time":"2017-05-24T12:03:21+00:00","article_modified_time":"2017-09-04T14:07:17+00:00","author":"mzadmindi","twitter_card":"summary_large_image","twitter_misc":{"Napsal(a)":"mzadmindi","Odhadovan\u00e1 doba \u010dten\u00ed":"1 minuta"},"schema":{"@context":"https:\/\/schema.org","@graph":[{"@type":"Article","@id":"https:\/\/mozartdinner.cz\/cs\/prosinci-adventni-silvestrovska-vecere-mozartem-2\/#article","isPartOf":{"@id":"https:\/\/mozartdinner.cz\/cs\/prosinci-adventni-silvestrovska-vecere-mozartem-2\/"},"author":{"name":"mzadmindi","@id":"https:\/\/mozartdinner.cz\/#\/schema\/person\/510a5b969c934320072d341eab69bb23"},"headline":"V prosinci adventn\u00ed a silvestrovsk\u00e1 Ve\u010de\u0159e s Mozartem!","datePublished":"2017-05-24T12:03:21+00:00","dateModified":"2017-09-04T14:07:17+00:00","mainEntityOfPage":{"@id":"https:\/\/mozartdinner.cz\/cs\/prosinci-adventni-silvestrovska-vecere-mozartem-2\/"},"wordCount":183,"commentCount":0,"articleSection":["Uncategorized @cs"],"inLanguage":"cs","potentialAction":[{"@type":"CommentAction","name":"Comment","target":["https:\/\/mozartdinner.cz\/cs\/prosinci-adventni-silvestrovska-vecere-mozartem-2\/#respond"]}]},{"@type":"WebPage","@id":"https:\/\/mozartdinner.cz\/cs\/prosinci-adventni-silvestrovska-vecere-mozartem-2\/","url":"https:\/\/mozartdinner.cz\/cs\/prosinci-adventni-silvestrovska-vecere-mozartem-2\/","name":"V prosinci adventn\u00ed a silvestrovsk\u00e1 Ve\u010de\u0159e s Mozartem! - Mozart Dinner *****","isPartOf":{"@id":"https:\/\/mozartdinner.cz\/#website"},"datePublished":"2017-05-24T12:03:21+00:00","dateModified":"2017-09-04T14:07:17+00:00","author":{"@id":"https:\/\/mozartdinner.cz\/#\/schema\/person\/510a5b969c934320072d341eab69bb23"},"breadcrumb":{"@id":"https:\/\/mozartdinner.cz\/cs\/prosinci-adventni-silvestrovska-vecere-mozartem-2\/#breadcrumb"},"inLanguage":"cs","potentialAction":[{"@type":"ReadAction","target":["https:\/\/mozartdinner.cz\/cs\/prosinci-adventni-silvestrovska-vecere-mozartem-2\/"]}]},{"@type":"BreadcrumbList","@id":"https:\/\/mozartdinner.cz\/cs\/prosinci-adventni-silvestrovska-vecere-mozartem-2\/#breadcrumb","itemListElement":[{"@type":"ListItem","position":1,"name":"Home","item":"https:\/\/mozartdinner.cz\/cs\/"},{"@type":"ListItem","position":2,"name":"V prosinci adventn\u00ed a silvestrovsk\u00e1 Ve\u010de\u0159e s Mozartem!"}]},{"@type":"WebSite","@id":"https:\/\/mozartdinner.cz\/#website","url":"https:\/\/mozartdinner.cz\/","name":"Mozart Dinner *****","description":"Your private opera theater in Prague","potentialAction":[{"@type":"SearchAction","target":{"@type":"EntryPoint","urlTemplate":"https:\/\/mozartdinner.cz\/?s={search_term_string}"},"query-input":{"@type":"PropertyValueSpecification","valueRequired":true,"valueName":"search_term_string"}}],"inLanguage":"cs"},{"@type":"Person","@id":"https:\/\/mozartdinner.cz\/#\/schema\/person\/510a5b969c934320072d341eab69bb23","name":"mzadmindi","image":{"@type":"ImageObject","inLanguage":"cs","@id":"https:\/\/secure.gravatar.com\/avatar\/41c11fc4db7d7d2c189786e67be503044d321df5f42f282e2c522d275618c1c1?s=96&d=mm&r=g","url":"https:\/\/secure.gravatar.com\/avatar\/41c11fc4db7d7d2c189786e67be503044d321df5f42f282e2c522d275618c1c1?s=96&d=mm&r=g","contentUrl":"https:\/\/secure.gravatar.com\/avatar\/41c11fc4db7d7d2c189786e67be503044d321df5f42f282e2c522d275618c1c1?s=96&d=mm&r=g","caption":"mzadmindi"}}]}},"publishpress_future_workflow_manual_trigger":{"enabledWorkflows":[]},"_links":{"self":[{"href":"https:\/\/mozartdinner.cz\/cs\/wp-json\/wp\/v2\/posts\/723","targetHints":{"allow":["GET"]}}],"collection":[{"href":"https:\/\/mozartdinner.cz\/cs\/wp-json\/wp\/v2\/posts"}],"about":[{"href":"https:\/\/mozartdinner.cz\/cs\/wp-json\/wp\/v2\/types\/post"}],"author":[{"embeddable":true,"href":"https:\/\/mozartdinner.cz\/cs\/wp-json\/wp\/v2\/users\/1"}],"replies":[{"embeddable":true,"href":"https:\/\/mozartdinner.cz\/cs\/wp-json\/wp\/v2\/comments?post=723"}],"version-history":[{"count":4,"href":"https:\/\/mozartdinner.cz\/cs\/wp-json\/wp\/v2\/posts\/723\/revisions"}],"predecessor-version":[{"id":1289,"href":"https:\/\/mozartdinner.cz\/cs\/wp-json\/wp\/v2\/posts\/723\/revisions\/1289"}],"wp:attachment":[{"href":"https:\/\/mozartdinner.cz\/cs\/wp-json\/wp\/v2\/media?parent=723"}],"wp:term":[{"taxonomy":"category","embeddable":true,"href":"https:\/\/mozartdinner.cz\/cs\/wp-json\/wp\/v2\/categories?post=723"},{"taxonomy":"post_tag","embeddable":true,"href":"https:\/\/mozartdinner.cz\/cs\/wp-json\/wp\/v2\/tags?post=723"}],"curies":[{"name":"wp","href":"https:\/\/api.w.org\/{rel}","templated":true}]}}