{"id":711,"date":"2017-05-24T14:00:32","date_gmt":"2017-05-24T12:00:32","guid":{"rendered":"https:\/\/mozartdinner.cz\/?p=711\/"},"modified":"2017-05-24T14:00:32","modified_gmt":"2017-05-24T12:00:32","slug":"nove-menu-od-11-4-2015","status":"publish","type":"post","link":"https:\/\/mozartdinner.cz\/cs\/nove-menu-od-11-4-2015\/","title":{"rendered":"Nov\u00e9 menu od 11. 4. 2015"},"content":{"rendered":"<p>Mil\u00ed div\u00e1ci,<\/p>\n<p>od 11. 4. 2015 jsme pro v\u00e1s p\u0159ipravili nov\u00e9 menu! To sestavil v\u00a0\u010cech\u00e1ch velmi zn\u00e1m\u00fd \u0161\u00e9fkucha\u0159 Luk\u00e1\u0161 Vokrouhl\u00edk, kter\u00fd (mimo jin\u00e9) bude ji\u017e podruh\u00e9 reprezentovat \u010cR na Expu \u2013 velk\u00e9 mezin\u00e1rodn\u00ed v\u00fdstav\u011b pr\u016fmyslu a kultury. Recepty jsou op\u011bt \u010desko-rakousk\u00e9 a byly zvoleny tak, aby poskytly vedle skv\u011bl\u00e9ho um\u011bleck\u00e9ho z\u00e1\u017eitku i z\u00e1\u017eitek gastronomick\u00fd. A na co se m\u016f\u017eete t\u011b\u0161it? Jako p\u0159edkrm m\u016f\u017eete ochutnat hr\u00e1\u0161kov\u00fd kr\u00e9m s m\u00e1slov\u00fdmi krutony, hlavn\u00edm j\u00eddlem jsou velmi obl\u00edben\u00e1 hov\u011bz\u00ed l\u00ed\u010dka na \u010derven\u00e9m v\u00edn\u011b a tymi\u00e1nu, pod\u00e1van\u00e1 s celerovo-bramborov\u00fdm pyr\u00e9 a nakonec v\u00e1m bude serv\u00edrovan\u00fd tradi\u010dn\u00ed \u010desko-rakousk\u00fd desert v\u00a0podob\u011b jable\u010dn\u00e9ho \u0161tr\u016fdlu.<\/p>\n<p>Dobrou chu\u0165!<\/p>\n<p>Va\u0161e Top Culture<\/p>\n","protected":false},"excerpt":{"rendered":"<p>Mil\u00ed div\u00e1ci, od 11. 4. 2015 jsme pro v\u00e1s p\u0159ipravili nov\u00e9 menu! To sestavil v\u00a0\u010cech\u00e1ch velmi zn\u00e1m\u00fd \u0161\u00e9fkucha\u0159 Luk\u00e1\u0161 Vokrouhl\u00edk, kter\u00fd (mimo jin\u00e9) bude ji\u017e podruh\u00e9 reprezentovat \u010cR na Expu \u2013 velk\u00e9 mezin\u00e1rodn\u00ed v\u00fdstav\u011b pr\u016fmyslu a kultury. Recepty jsou op\u011bt \u010desko-rakousk\u00e9 a byly zvoleny tak, aby poskytly vedle skv\u011bl\u00e9ho um\u011bleck\u00e9ho z\u00e1\u017eitku i z\u00e1\u017eitek gastronomick\u00fd. A [&hellip;]<\/p>\n","protected":false},"author":1,"featured_media":0,"comment_status":"open","ping_status":"open","sticky":false,"template":"","format":"standard","meta":{"footnotes":""},"categories":[1],"tags":[],"class_list":["post-711","post","type-post","status-publish","format-standard","hentry","category-uncategorized-cs"],"yoast_head":"<!-- This site is optimized with the Yoast SEO plugin v27.5 - https:\/\/yoast.com\/product\/yoast-seo-wordpress\/ -->\n<title>Nov\u00e9 menu od 11. 4. 2015 - Mozart Dinner *****<\/title>\n<meta name=\"robots\" content=\"index, follow, max-snippet:-1, max-image-preview:large, max-video-preview:-1\" \/>\n<link rel=\"canonical\" href=\"https:\/\/mozartdinner.cz\/cs\/nove-menu-od-11-4-2015\/\" \/>\n<meta property=\"og:locale\" content=\"cs_CZ\" \/>\n<meta property=\"og:type\" content=\"article\" \/>\n<meta property=\"og:title\" content=\"Nov\u00e9 menu od 11. 4. 2015 - Mozart Dinner *****\" \/>\n<meta property=\"og:description\" content=\"Mil\u00ed div\u00e1ci, od 11. 4. 2015 jsme pro v\u00e1s p\u0159ipravili nov\u00e9 menu! To sestavil v\u00a0\u010cech\u00e1ch velmi zn\u00e1m\u00fd \u0161\u00e9fkucha\u0159 Luk\u00e1\u0161 Vokrouhl\u00edk, kter\u00fd (mimo jin\u00e9) bude ji\u017e podruh\u00e9 reprezentovat \u010cR na Expu \u2013 velk\u00e9 mezin\u00e1rodn\u00ed v\u00fdstav\u011b pr\u016fmyslu a kultury. Recepty jsou op\u011bt \u010desko-rakousk\u00e9 a byly zvoleny tak, aby poskytly vedle skv\u011bl\u00e9ho um\u011bleck\u00e9ho z\u00e1\u017eitku i z\u00e1\u017eitek gastronomick\u00fd. A [&hellip;]\" \/>\n<meta property=\"og:url\" content=\"https:\/\/mozartdinner.cz\/cs\/nove-menu-od-11-4-2015\/\" \/>\n<meta property=\"og:site_name\" content=\"Mozart Dinner *****\" \/>\n<meta property=\"article:published_time\" content=\"2017-05-24T12:00:32+00:00\" \/>\n<meta name=\"author\" content=\"mzadmindi\" \/>\n<meta name=\"twitter:card\" content=\"summary_large_image\" \/>\n<meta name=\"twitter:label1\" content=\"Napsal(a)\" \/>\n\t<meta name=\"twitter:data1\" content=\"mzadmindi\" \/>\n\t<meta name=\"twitter:label2\" content=\"Odhadovan\u00e1 doba \u010dten\u00ed\" \/>\n\t<meta name=\"twitter:data2\" content=\"1 minuta\" \/>\n<script type=\"application\/ld+json\" class=\"yoast-schema-graph\">{\"@context\":\"https:\\\/\\\/schema.org\",\"@graph\":[{\"@type\":\"Article\",\"@id\":\"https:\\\/\\\/mozartdinner.cz\\\/cs\\\/nove-menu-od-11-4-2015\\\/#article\",\"isPartOf\":{\"@id\":\"https:\\\/\\\/mozartdinner.cz\\\/cs\\\/nove-menu-od-11-4-2015\\\/\"},\"author\":{\"name\":\"mzadmindi\",\"@id\":\"https:\\\/\\\/mozartdinner.cz\\\/#\\\/schema\\\/person\\\/510a5b969c934320072d341eab69bb23\"},\"headline\":\"Nov\u00e9 menu od 11. 4. 2015\",\"datePublished\":\"2017-05-24T12:00:32+00:00\",\"mainEntityOfPage\":{\"@id\":\"https:\\\/\\\/mozartdinner.cz\\\/cs\\\/nove-menu-od-11-4-2015\\\/\"},\"wordCount\":143,\"commentCount\":0,\"articleSection\":[\"Uncategorized @cs\"],\"inLanguage\":\"cs\",\"potentialAction\":[{\"@type\":\"CommentAction\",\"name\":\"Comment\",\"target\":[\"https:\\\/\\\/mozartdinner.cz\\\/cs\\\/nove-menu-od-11-4-2015\\\/#respond\"]}]},{\"@type\":\"WebPage\",\"@id\":\"https:\\\/\\\/mozartdinner.cz\\\/cs\\\/nove-menu-od-11-4-2015\\\/\",\"url\":\"https:\\\/\\\/mozartdinner.cz\\\/cs\\\/nove-menu-od-11-4-2015\\\/\",\"name\":\"Nov\u00e9 menu od 11. 4. 2015 - Mozart Dinner *****\",\"isPartOf\":{\"@id\":\"https:\\\/\\\/mozartdinner.cz\\\/#website\"},\"datePublished\":\"2017-05-24T12:00:32+00:00\",\"author\":{\"@id\":\"https:\\\/\\\/mozartdinner.cz\\\/#\\\/schema\\\/person\\\/510a5b969c934320072d341eab69bb23\"},\"breadcrumb\":{\"@id\":\"https:\\\/\\\/mozartdinner.cz\\\/cs\\\/nove-menu-od-11-4-2015\\\/#breadcrumb\"},\"inLanguage\":\"cs\",\"potentialAction\":[{\"@type\":\"ReadAction\",\"target\":[\"https:\\\/\\\/mozartdinner.cz\\\/cs\\\/nove-menu-od-11-4-2015\\\/\"]}]},{\"@type\":\"BreadcrumbList\",\"@id\":\"https:\\\/\\\/mozartdinner.cz\\\/cs\\\/nove-menu-od-11-4-2015\\\/#breadcrumb\",\"itemListElement\":[{\"@type\":\"ListItem\",\"position\":1,\"name\":\"Home\",\"item\":\"https:\\\/\\\/mozartdinner.cz\\\/cs\\\/\"},{\"@type\":\"ListItem\",\"position\":2,\"name\":\"Nov\u00e9 menu od 11. 4. 2015\"}]},{\"@type\":\"WebSite\",\"@id\":\"https:\\\/\\\/mozartdinner.cz\\\/#website\",\"url\":\"https:\\\/\\\/mozartdinner.cz\\\/\",\"name\":\"Mozart Dinner *****\",\"description\":\"Your private opera theater in Prague\",\"potentialAction\":[{\"@type\":\"SearchAction\",\"target\":{\"@type\":\"EntryPoint\",\"urlTemplate\":\"https:\\\/\\\/mozartdinner.cz\\\/?s={search_term_string}\"},\"query-input\":{\"@type\":\"PropertyValueSpecification\",\"valueRequired\":true,\"valueName\":\"search_term_string\"}}],\"inLanguage\":\"cs\"},{\"@type\":\"Person\",\"@id\":\"https:\\\/\\\/mozartdinner.cz\\\/#\\\/schema\\\/person\\\/510a5b969c934320072d341eab69bb23\",\"name\":\"mzadmindi\",\"image\":{\"@type\":\"ImageObject\",\"inLanguage\":\"cs\",\"@id\":\"https:\\\/\\\/secure.gravatar.com\\\/avatar\\\/41c11fc4db7d7d2c189786e67be503044d321df5f42f282e2c522d275618c1c1?s=96&d=mm&r=g\",\"url\":\"https:\\\/\\\/secure.gravatar.com\\\/avatar\\\/41c11fc4db7d7d2c189786e67be503044d321df5f42f282e2c522d275618c1c1?s=96&d=mm&r=g\",\"contentUrl\":\"https:\\\/\\\/secure.gravatar.com\\\/avatar\\\/41c11fc4db7d7d2c189786e67be503044d321df5f42f282e2c522d275618c1c1?s=96&d=mm&r=g\",\"caption\":\"mzadmindi\"}}]}<\/script>\n<!-- \/ Yoast SEO plugin. -->","yoast_head_json":{"title":"Nov\u00e9 menu od 11. 4. 2015 - Mozart Dinner *****","robots":{"index":"index","follow":"follow","max-snippet":"max-snippet:-1","max-image-preview":"max-image-preview:large","max-video-preview":"max-video-preview:-1"},"canonical":"https:\/\/mozartdinner.cz\/cs\/nove-menu-od-11-4-2015\/","og_locale":"cs_CZ","og_type":"article","og_title":"Nov\u00e9 menu od 11. 4. 2015 - Mozart Dinner *****","og_description":"Mil\u00ed div\u00e1ci, od 11. 4. 2015 jsme pro v\u00e1s p\u0159ipravili nov\u00e9 menu! To sestavil v\u00a0\u010cech\u00e1ch velmi zn\u00e1m\u00fd \u0161\u00e9fkucha\u0159 Luk\u00e1\u0161 Vokrouhl\u00edk, kter\u00fd (mimo jin\u00e9) bude ji\u017e podruh\u00e9 reprezentovat \u010cR na Expu \u2013 velk\u00e9 mezin\u00e1rodn\u00ed v\u00fdstav\u011b pr\u016fmyslu a kultury. Recepty jsou op\u011bt \u010desko-rakousk\u00e9 a byly zvoleny tak, aby poskytly vedle skv\u011bl\u00e9ho um\u011bleck\u00e9ho z\u00e1\u017eitku i z\u00e1\u017eitek gastronomick\u00fd. A [&hellip;]","og_url":"https:\/\/mozartdinner.cz\/cs\/nove-menu-od-11-4-2015\/","og_site_name":"Mozart Dinner *****","article_published_time":"2017-05-24T12:00:32+00:00","author":"mzadmindi","twitter_card":"summary_large_image","twitter_misc":{"Napsal(a)":"mzadmindi","Odhadovan\u00e1 doba \u010dten\u00ed":"1 minuta"},"schema":{"@context":"https:\/\/schema.org","@graph":[{"@type":"Article","@id":"https:\/\/mozartdinner.cz\/cs\/nove-menu-od-11-4-2015\/#article","isPartOf":{"@id":"https:\/\/mozartdinner.cz\/cs\/nove-menu-od-11-4-2015\/"},"author":{"name":"mzadmindi","@id":"https:\/\/mozartdinner.cz\/#\/schema\/person\/510a5b969c934320072d341eab69bb23"},"headline":"Nov\u00e9 menu od 11. 4. 2015","datePublished":"2017-05-24T12:00:32+00:00","mainEntityOfPage":{"@id":"https:\/\/mozartdinner.cz\/cs\/nove-menu-od-11-4-2015\/"},"wordCount":143,"commentCount":0,"articleSection":["Uncategorized @cs"],"inLanguage":"cs","potentialAction":[{"@type":"CommentAction","name":"Comment","target":["https:\/\/mozartdinner.cz\/cs\/nove-menu-od-11-4-2015\/#respond"]}]},{"@type":"WebPage","@id":"https:\/\/mozartdinner.cz\/cs\/nove-menu-od-11-4-2015\/","url":"https:\/\/mozartdinner.cz\/cs\/nove-menu-od-11-4-2015\/","name":"Nov\u00e9 menu od 11. 4. 2015 - Mozart Dinner *****","isPartOf":{"@id":"https:\/\/mozartdinner.cz\/#website"},"datePublished":"2017-05-24T12:00:32+00:00","author":{"@id":"https:\/\/mozartdinner.cz\/#\/schema\/person\/510a5b969c934320072d341eab69bb23"},"breadcrumb":{"@id":"https:\/\/mozartdinner.cz\/cs\/nove-menu-od-11-4-2015\/#breadcrumb"},"inLanguage":"cs","potentialAction":[{"@type":"ReadAction","target":["https:\/\/mozartdinner.cz\/cs\/nove-menu-od-11-4-2015\/"]}]},{"@type":"BreadcrumbList","@id":"https:\/\/mozartdinner.cz\/cs\/nove-menu-od-11-4-2015\/#breadcrumb","itemListElement":[{"@type":"ListItem","position":1,"name":"Home","item":"https:\/\/mozartdinner.cz\/cs\/"},{"@type":"ListItem","position":2,"name":"Nov\u00e9 menu od 11. 4. 2015"}]},{"@type":"WebSite","@id":"https:\/\/mozartdinner.cz\/#website","url":"https:\/\/mozartdinner.cz\/","name":"Mozart Dinner *****","description":"Your private opera theater in Prague","potentialAction":[{"@type":"SearchAction","target":{"@type":"EntryPoint","urlTemplate":"https:\/\/mozartdinner.cz\/?s={search_term_string}"},"query-input":{"@type":"PropertyValueSpecification","valueRequired":true,"valueName":"search_term_string"}}],"inLanguage":"cs"},{"@type":"Person","@id":"https:\/\/mozartdinner.cz\/#\/schema\/person\/510a5b969c934320072d341eab69bb23","name":"mzadmindi","image":{"@type":"ImageObject","inLanguage":"cs","@id":"https:\/\/secure.gravatar.com\/avatar\/41c11fc4db7d7d2c189786e67be503044d321df5f42f282e2c522d275618c1c1?s=96&d=mm&r=g","url":"https:\/\/secure.gravatar.com\/avatar\/41c11fc4db7d7d2c189786e67be503044d321df5f42f282e2c522d275618c1c1?s=96&d=mm&r=g","contentUrl":"https:\/\/secure.gravatar.com\/avatar\/41c11fc4db7d7d2c189786e67be503044d321df5f42f282e2c522d275618c1c1?s=96&d=mm&r=g","caption":"mzadmindi"}}]}},"publishpress_future_workflow_manual_trigger":{"enabledWorkflows":[]},"_links":{"self":[{"href":"https:\/\/mozartdinner.cz\/cs\/wp-json\/wp\/v2\/posts\/711","targetHints":{"allow":["GET"]}}],"collection":[{"href":"https:\/\/mozartdinner.cz\/cs\/wp-json\/wp\/v2\/posts"}],"about":[{"href":"https:\/\/mozartdinner.cz\/cs\/wp-json\/wp\/v2\/types\/post"}],"author":[{"embeddable":true,"href":"https:\/\/mozartdinner.cz\/cs\/wp-json\/wp\/v2\/users\/1"}],"replies":[{"embeddable":true,"href":"https:\/\/mozartdinner.cz\/cs\/wp-json\/wp\/v2\/comments?post=711"}],"version-history":[{"count":1,"href":"https:\/\/mozartdinner.cz\/cs\/wp-json\/wp\/v2\/posts\/711\/revisions"}],"predecessor-version":[{"id":712,"href":"https:\/\/mozartdinner.cz\/cs\/wp-json\/wp\/v2\/posts\/711\/revisions\/712"}],"wp:attachment":[{"href":"https:\/\/mozartdinner.cz\/cs\/wp-json\/wp\/v2\/media?parent=711"}],"wp:term":[{"taxonomy":"category","embeddable":true,"href":"https:\/\/mozartdinner.cz\/cs\/wp-json\/wp\/v2\/categories?post=711"},{"taxonomy":"post_tag","embeddable":true,"href":"https:\/\/mozartdinner.cz\/cs\/wp-json\/wp\/v2\/tags?post=711"}],"curies":[{"name":"wp","href":"https:\/\/api.w.org\/{rel}","templated":true}]}}