{"id":704,"date":"2017-05-24T13:58:23","date_gmt":"2017-05-24T11:58:23","guid":{"rendered":"https:\/\/mozartdinner.cz\/?p=704\/"},"modified":"2017-05-24T13:58:23","modified_gmt":"2017-05-24T11:58:23","slug":"prof-ivan-klansky-slavny-cesky-klavirista-profesor-hudby-laureat-mnoha-mezinarodnich-soutezi-navstivil-veceri-mozartem-tentokrat-roli-otce-ktery-se-prisel-podivat-sveho-syna-baritonistu","status":"publish","type":"post","link":"https:\/\/mozartdinner.cz\/cs\/prof-ivan-klansky-slavny-cesky-klavirista-profesor-hudby-laureat-mnoha-mezinarodnich-soutezi-navstivil-veceri-mozartem-tentokrat-roli-otce-ktery-se-prisel-podivat-sveho-syna-baritonistu\/","title":{"rendered":"Prof. Ivan Kl\u00e1nsk\u00fd, slavn\u00fd \u010desk\u00fd klav\u00edrista, profesor hudby a laure\u00e1t mnoha mezin\u00e1rodn\u00edch sout\u011b\u017e\u00ed nav\u0161t\u00edvil Ve\u010de\u0159i s Mozartem. Tentokr\u00e1t v roli otce, kter\u00fd se p\u0159i\u0161el pod\u00edvat na sv\u00e9ho syna baritonistu Daniela Kl\u00e1nskeho."},"content":{"rendered":"<p><img loading=\"lazy\" decoding=\"async\" class=\" wp-image-606 alignright\" src=\"https:\/\/mozartdinner.cz\/wp-content\/uploads\/2017\/05\/prof.Klansky-a-syn.jpg\" alt=\"\" width=\"201\" height=\"151\" srcset=\"https:\/\/mozartdinner.cz\/wp-content\/uploads\/2017\/05\/prof.Klansky-a-syn.jpg 640w, https:\/\/mozartdinner.cz\/wp-content\/uploads\/2017\/05\/prof.Klansky-a-syn-600x450.jpg 600w\" sizes=\"auto, (max-width: 201px) 100vw, 201px\" \/>\u201cDne\u0161n\u00ed mozartovsk\u00fd gala-ve\u010der byl pro m\u011b mimo\u0159\u00e1dn\u011b osv\u011b\u017euj\u00edc\u00edm z\u00e1\u017eitkem. Kombinace vynikaj\u00edc\u00edch profesion\u00e1ln\u00edch p\u011bveck\u00fdch v\u00fdkon\u016f, v\u00fdb\u011br hudby pro ka\u017ed\u00fd typ hudebn\u00edho nad\u0161ence a kr\u00e1sn\u00e9 prost\u0159ed\u00ed s dokonalou akustikou dodaly ve\u010deru punc n\u011b\u010deho, co je v pra\u017esk\u00e9m prost\u0159ed\u00ed zcela v\u00fdjime\u010dn\u00e9. Takto by se m\u011blo na\u0161e hudebn\u00ed um\u011bn\u00ed prezentovat zahrani\u010dn\u00edm i \u010desk\u00fdm poslucha\u010d\u016fm.\u201d<\/p>\n<p>prof. Ivan Kl\u00e1nsk\u00fd<\/p>\n","protected":false},"excerpt":{"rendered":"<p>\u201cDne\u0161n\u00ed mozartovsk\u00fd gala-ve\u010der byl pro m\u011b mimo\u0159\u00e1dn\u011b osv\u011b\u017euj\u00edc\u00edm z\u00e1\u017eitkem. Kombinace vynikaj\u00edc\u00edch profesion\u00e1ln\u00edch p\u011bveck\u00fdch v\u00fdkon\u016f, v\u00fdb\u011br hudby pro ka\u017ed\u00fd typ hudebn\u00edho nad\u0161ence a kr\u00e1sn\u00e9 prost\u0159ed\u00ed s dokonalou akustikou dodaly ve\u010deru punc n\u011b\u010deho, co je v pra\u017esk\u00e9m prost\u0159ed\u00ed zcela v\u00fdjime\u010dn\u00e9. Takto by se m\u011blo na\u0161e hudebn\u00ed um\u011bn\u00ed prezentovat zahrani\u010dn\u00edm i \u010desk\u00fdm poslucha\u010d\u016fm.\u201d prof. Ivan Kl\u00e1nsk\u00fd<\/p>\n","protected":false},"author":1,"featured_media":0,"comment_status":"open","ping_status":"open","sticky":false,"template":"","format":"standard","meta":{"footnotes":""},"categories":[1],"tags":[],"class_list":["post-704","post","type-post","status-publish","format-standard","hentry","category-uncategorized-cs"],"yoast_head":"<!-- This site is optimized with the Yoast SEO plugin v27.5 - https:\/\/yoast.com\/product\/yoast-seo-wordpress\/ -->\n<title>Prof. Ivan Kl\u00e1nsk\u00fd, slavn\u00fd \u010desk\u00fd klav\u00edrista, profesor hudby a laure\u00e1t mnoha mezin\u00e1rodn\u00edch sout\u011b\u017e\u00ed nav\u0161t\u00edvil Ve\u010de\u0159i s Mozartem. Tentokr\u00e1t v roli otce, kter\u00fd se p\u0159i\u0161el pod\u00edvat na sv\u00e9ho syna baritonistu Daniela Kl\u00e1nskeho. - Mozart Dinner *****<\/title>\n<meta name=\"robots\" content=\"index, follow, max-snippet:-1, max-image-preview:large, max-video-preview:-1\" \/>\n<link rel=\"canonical\" href=\"https:\/\/mozartdinner.cz\/cs\/prof-ivan-klansky-slavny-cesky-klavirista-profesor-hudby-laureat-mnoha-mezinarodnich-soutezi-navstivil-veceri-mozartem-tentokrat-roli-otce-ktery-se-prisel-podivat-sveho-syna-baritonistu\/\" \/>\n<meta property=\"og:locale\" content=\"cs_CZ\" \/>\n<meta property=\"og:type\" content=\"article\" \/>\n<meta property=\"og:title\" content=\"Prof. Ivan Kl\u00e1nsk\u00fd, slavn\u00fd \u010desk\u00fd klav\u00edrista, profesor hudby a laure\u00e1t mnoha mezin\u00e1rodn\u00edch sout\u011b\u017e\u00ed nav\u0161t\u00edvil Ve\u010de\u0159i s Mozartem. Tentokr\u00e1t v roli otce, kter\u00fd se p\u0159i\u0161el pod\u00edvat na sv\u00e9ho syna baritonistu Daniela Kl\u00e1nskeho. - Mozart Dinner *****\" \/>\n<meta property=\"og:description\" content=\"\u201cDne\u0161n\u00ed mozartovsk\u00fd gala-ve\u010der byl pro m\u011b mimo\u0159\u00e1dn\u011b osv\u011b\u017euj\u00edc\u00edm z\u00e1\u017eitkem. Kombinace vynikaj\u00edc\u00edch profesion\u00e1ln\u00edch p\u011bveck\u00fdch v\u00fdkon\u016f, v\u00fdb\u011br hudby pro ka\u017ed\u00fd typ hudebn\u00edho nad\u0161ence a kr\u00e1sn\u00e9 prost\u0159ed\u00ed s dokonalou akustikou dodaly ve\u010deru punc n\u011b\u010deho, co je v pra\u017esk\u00e9m prost\u0159ed\u00ed zcela v\u00fdjime\u010dn\u00e9. Takto by se m\u011blo na\u0161e hudebn\u00ed um\u011bn\u00ed prezentovat zahrani\u010dn\u00edm i \u010desk\u00fdm poslucha\u010d\u016fm.\u201d prof. Ivan Kl\u00e1nsk\u00fd\" \/>\n<meta property=\"og:url\" content=\"https:\/\/mozartdinner.cz\/cs\/prof-ivan-klansky-slavny-cesky-klavirista-profesor-hudby-laureat-mnoha-mezinarodnich-soutezi-navstivil-veceri-mozartem-tentokrat-roli-otce-ktery-se-prisel-podivat-sveho-syna-baritonistu\/\" \/>\n<meta property=\"og:site_name\" content=\"Mozart Dinner *****\" \/>\n<meta property=\"article:published_time\" content=\"2017-05-24T11:58:23+00:00\" \/>\n<meta property=\"og:image\" content=\"https:\/\/mozartdinner.cz\/wp-content\/uploads\/2017\/05\/prof.Klansky-a-syn.jpg\" \/>\n<meta name=\"author\" content=\"mzadmindi\" \/>\n<meta name=\"twitter:card\" content=\"summary_large_image\" \/>\n<meta name=\"twitter:label1\" content=\"Napsal(a)\" \/>\n\t<meta name=\"twitter:data1\" content=\"mzadmindi\" \/>\n<script type=\"application\/ld+json\" class=\"yoast-schema-graph\">{\"@context\":\"https:\\\/\\\/schema.org\",\"@graph\":[{\"@type\":\"Article\",\"@id\":\"https:\\\/\\\/mozartdinner.cz\\\/cs\\\/prof-ivan-klansky-slavny-cesky-klavirista-profesor-hudby-laureat-mnoha-mezinarodnich-soutezi-navstivil-veceri-mozartem-tentokrat-roli-otce-ktery-se-prisel-podivat-sveho-syna-baritonistu\\\/#article\",\"isPartOf\":{\"@id\":\"https:\\\/\\\/mozartdinner.cz\\\/cs\\\/prof-ivan-klansky-slavny-cesky-klavirista-profesor-hudby-laureat-mnoha-mezinarodnich-soutezi-navstivil-veceri-mozartem-tentokrat-roli-otce-ktery-se-prisel-podivat-sveho-syna-baritonistu\\\/\"},\"author\":{\"name\":\"mzadmindi\",\"@id\":\"https:\\\/\\\/mozartdinner.cz\\\/#\\\/schema\\\/person\\\/510a5b969c934320072d341eab69bb23\"},\"headline\":\"Prof. Ivan Kl\u00e1nsk\u00fd, slavn\u00fd \u010desk\u00fd klav\u00edrista, profesor hudby a laure\u00e1t mnoha mezin\u00e1rodn\u00edch sout\u011b\u017e\u00ed nav\u0161t\u00edvil Ve\u010de\u0159i s Mozartem. Tentokr\u00e1t v roli otce, kter\u00fd se p\u0159i\u0161el pod\u00edvat na sv\u00e9ho syna baritonistu Daniela Kl\u00e1nskeho.\",\"datePublished\":\"2017-05-24T11:58:23+00:00\",\"mainEntityOfPage\":{\"@id\":\"https:\\\/\\\/mozartdinner.cz\\\/cs\\\/prof-ivan-klansky-slavny-cesky-klavirista-profesor-hudby-laureat-mnoha-mezinarodnich-soutezi-navstivil-veceri-mozartem-tentokrat-roli-otce-ktery-se-prisel-podivat-sveho-syna-baritonistu\\\/\"},\"wordCount\":135,\"commentCount\":0,\"image\":{\"@id\":\"https:\\\/\\\/mozartdinner.cz\\\/cs\\\/prof-ivan-klansky-slavny-cesky-klavirista-profesor-hudby-laureat-mnoha-mezinarodnich-soutezi-navstivil-veceri-mozartem-tentokrat-roli-otce-ktery-se-prisel-podivat-sveho-syna-baritonistu\\\/#primaryimage\"},\"thumbnailUrl\":\"https:\\\/\\\/mozartdinner.cz\\\/wp-content\\\/uploads\\\/2017\\\/05\\\/prof.Klansky-a-syn.jpg\",\"articleSection\":[\"Uncategorized @cs\"],\"inLanguage\":\"cs\",\"potentialAction\":[{\"@type\":\"CommentAction\",\"name\":\"Comment\",\"target\":[\"https:\\\/\\\/mozartdinner.cz\\\/cs\\\/prof-ivan-klansky-slavny-cesky-klavirista-profesor-hudby-laureat-mnoha-mezinarodnich-soutezi-navstivil-veceri-mozartem-tentokrat-roli-otce-ktery-se-prisel-podivat-sveho-syna-baritonistu\\\/#respond\"]}]},{\"@type\":\"WebPage\",\"@id\":\"https:\\\/\\\/mozartdinner.cz\\\/cs\\\/prof-ivan-klansky-slavny-cesky-klavirista-profesor-hudby-laureat-mnoha-mezinarodnich-soutezi-navstivil-veceri-mozartem-tentokrat-roli-otce-ktery-se-prisel-podivat-sveho-syna-baritonistu\\\/\",\"url\":\"https:\\\/\\\/mozartdinner.cz\\\/cs\\\/prof-ivan-klansky-slavny-cesky-klavirista-profesor-hudby-laureat-mnoha-mezinarodnich-soutezi-navstivil-veceri-mozartem-tentokrat-roli-otce-ktery-se-prisel-podivat-sveho-syna-baritonistu\\\/\",\"name\":\"Prof. Ivan Kl\u00e1nsk\u00fd, slavn\u00fd \u010desk\u00fd klav\u00edrista, profesor hudby a laure\u00e1t mnoha mezin\u00e1rodn\u00edch sout\u011b\u017e\u00ed nav\u0161t\u00edvil Ve\u010de\u0159i s Mozartem. Tentokr\u00e1t v roli otce, kter\u00fd se p\u0159i\u0161el pod\u00edvat na sv\u00e9ho syna baritonistu Daniela Kl\u00e1nskeho. - Mozart Dinner *****\",\"isPartOf\":{\"@id\":\"https:\\\/\\\/mozartdinner.cz\\\/#website\"},\"primaryImageOfPage\":{\"@id\":\"https:\\\/\\\/mozartdinner.cz\\\/cs\\\/prof-ivan-klansky-slavny-cesky-klavirista-profesor-hudby-laureat-mnoha-mezinarodnich-soutezi-navstivil-veceri-mozartem-tentokrat-roli-otce-ktery-se-prisel-podivat-sveho-syna-baritonistu\\\/#primaryimage\"},\"image\":{\"@id\":\"https:\\\/\\\/mozartdinner.cz\\\/cs\\\/prof-ivan-klansky-slavny-cesky-klavirista-profesor-hudby-laureat-mnoha-mezinarodnich-soutezi-navstivil-veceri-mozartem-tentokrat-roli-otce-ktery-se-prisel-podivat-sveho-syna-baritonistu\\\/#primaryimage\"},\"thumbnailUrl\":\"https:\\\/\\\/mozartdinner.cz\\\/wp-content\\\/uploads\\\/2017\\\/05\\\/prof.Klansky-a-syn.jpg\",\"datePublished\":\"2017-05-24T11:58:23+00:00\",\"author\":{\"@id\":\"https:\\\/\\\/mozartdinner.cz\\\/#\\\/schema\\\/person\\\/510a5b969c934320072d341eab69bb23\"},\"breadcrumb\":{\"@id\":\"https:\\\/\\\/mozartdinner.cz\\\/cs\\\/prof-ivan-klansky-slavny-cesky-klavirista-profesor-hudby-laureat-mnoha-mezinarodnich-soutezi-navstivil-veceri-mozartem-tentokrat-roli-otce-ktery-se-prisel-podivat-sveho-syna-baritonistu\\\/#breadcrumb\"},\"inLanguage\":\"cs\",\"potentialAction\":[{\"@type\":\"ReadAction\",\"target\":[\"https:\\\/\\\/mozartdinner.cz\\\/cs\\\/prof-ivan-klansky-slavny-cesky-klavirista-profesor-hudby-laureat-mnoha-mezinarodnich-soutezi-navstivil-veceri-mozartem-tentokrat-roli-otce-ktery-se-prisel-podivat-sveho-syna-baritonistu\\\/\"]}]},{\"@type\":\"ImageObject\",\"inLanguage\":\"cs\",\"@id\":\"https:\\\/\\\/mozartdinner.cz\\\/cs\\\/prof-ivan-klansky-slavny-cesky-klavirista-profesor-hudby-laureat-mnoha-mezinarodnich-soutezi-navstivil-veceri-mozartem-tentokrat-roli-otce-ktery-se-prisel-podivat-sveho-syna-baritonistu\\\/#primaryimage\",\"url\":\"https:\\\/\\\/mozartdinner.cz\\\/wp-content\\\/uploads\\\/2017\\\/05\\\/prof.Klansky-a-syn.jpg\",\"contentUrl\":\"https:\\\/\\\/mozartdinner.cz\\\/wp-content\\\/uploads\\\/2017\\\/05\\\/prof.Klansky-a-syn.jpg\"},{\"@type\":\"BreadcrumbList\",\"@id\":\"https:\\\/\\\/mozartdinner.cz\\\/cs\\\/prof-ivan-klansky-slavny-cesky-klavirista-profesor-hudby-laureat-mnoha-mezinarodnich-soutezi-navstivil-veceri-mozartem-tentokrat-roli-otce-ktery-se-prisel-podivat-sveho-syna-baritonistu\\\/#breadcrumb\",\"itemListElement\":[{\"@type\":\"ListItem\",\"position\":1,\"name\":\"Home\",\"item\":\"https:\\\/\\\/mozartdinner.cz\\\/cs\\\/\"},{\"@type\":\"ListItem\",\"position\":2,\"name\":\"Prof. Ivan Kl\u00e1nsk\u00fd, slavn\u00fd \u010desk\u00fd klav\u00edrista, profesor hudby a laure\u00e1t mnoha mezin\u00e1rodn\u00edch sout\u011b\u017e\u00ed nav\u0161t\u00edvil Ve\u010de\u0159i s Mozartem. Tentokr\u00e1t v roli otce, kter\u00fd se p\u0159i\u0161el pod\u00edvat na sv\u00e9ho syna baritonistu Daniela Kl\u00e1nskeho.\"}]},{\"@type\":\"WebSite\",\"@id\":\"https:\\\/\\\/mozartdinner.cz\\\/#website\",\"url\":\"https:\\\/\\\/mozartdinner.cz\\\/\",\"name\":\"Mozart Dinner *****\",\"description\":\"Your private opera theater in Prague\",\"potentialAction\":[{\"@type\":\"SearchAction\",\"target\":{\"@type\":\"EntryPoint\",\"urlTemplate\":\"https:\\\/\\\/mozartdinner.cz\\\/?s={search_term_string}\"},\"query-input\":{\"@type\":\"PropertyValueSpecification\",\"valueRequired\":true,\"valueName\":\"search_term_string\"}}],\"inLanguage\":\"cs\"},{\"@type\":\"Person\",\"@id\":\"https:\\\/\\\/mozartdinner.cz\\\/#\\\/schema\\\/person\\\/510a5b969c934320072d341eab69bb23\",\"name\":\"mzadmindi\",\"image\":{\"@type\":\"ImageObject\",\"inLanguage\":\"cs\",\"@id\":\"https:\\\/\\\/secure.gravatar.com\\\/avatar\\\/41c11fc4db7d7d2c189786e67be503044d321df5f42f282e2c522d275618c1c1?s=96&d=mm&r=g\",\"url\":\"https:\\\/\\\/secure.gravatar.com\\\/avatar\\\/41c11fc4db7d7d2c189786e67be503044d321df5f42f282e2c522d275618c1c1?s=96&d=mm&r=g\",\"contentUrl\":\"https:\\\/\\\/secure.gravatar.com\\\/avatar\\\/41c11fc4db7d7d2c189786e67be503044d321df5f42f282e2c522d275618c1c1?s=96&d=mm&r=g\",\"caption\":\"mzadmindi\"}}]}<\/script>\n<!-- \/ Yoast SEO plugin. -->","yoast_head_json":{"title":"Prof. Ivan Kl\u00e1nsk\u00fd, slavn\u00fd \u010desk\u00fd klav\u00edrista, profesor hudby a laure\u00e1t mnoha mezin\u00e1rodn\u00edch sout\u011b\u017e\u00ed nav\u0161t\u00edvil Ve\u010de\u0159i s Mozartem. Tentokr\u00e1t v roli otce, kter\u00fd se p\u0159i\u0161el pod\u00edvat na sv\u00e9ho syna baritonistu Daniela Kl\u00e1nskeho. - Mozart Dinner *****","robots":{"index":"index","follow":"follow","max-snippet":"max-snippet:-1","max-image-preview":"max-image-preview:large","max-video-preview":"max-video-preview:-1"},"canonical":"https:\/\/mozartdinner.cz\/cs\/prof-ivan-klansky-slavny-cesky-klavirista-profesor-hudby-laureat-mnoha-mezinarodnich-soutezi-navstivil-veceri-mozartem-tentokrat-roli-otce-ktery-se-prisel-podivat-sveho-syna-baritonistu\/","og_locale":"cs_CZ","og_type":"article","og_title":"Prof. Ivan Kl\u00e1nsk\u00fd, slavn\u00fd \u010desk\u00fd klav\u00edrista, profesor hudby a laure\u00e1t mnoha mezin\u00e1rodn\u00edch sout\u011b\u017e\u00ed nav\u0161t\u00edvil Ve\u010de\u0159i s Mozartem. Tentokr\u00e1t v roli otce, kter\u00fd se p\u0159i\u0161el pod\u00edvat na sv\u00e9ho syna baritonistu Daniela Kl\u00e1nskeho. - Mozart Dinner *****","og_description":"\u201cDne\u0161n\u00ed mozartovsk\u00fd gala-ve\u010der byl pro m\u011b mimo\u0159\u00e1dn\u011b osv\u011b\u017euj\u00edc\u00edm z\u00e1\u017eitkem. Kombinace vynikaj\u00edc\u00edch profesion\u00e1ln\u00edch p\u011bveck\u00fdch v\u00fdkon\u016f, v\u00fdb\u011br hudby pro ka\u017ed\u00fd typ hudebn\u00edho nad\u0161ence a kr\u00e1sn\u00e9 prost\u0159ed\u00ed s dokonalou akustikou dodaly ve\u010deru punc n\u011b\u010deho, co je v pra\u017esk\u00e9m prost\u0159ed\u00ed zcela v\u00fdjime\u010dn\u00e9. Takto by se m\u011blo na\u0161e hudebn\u00ed um\u011bn\u00ed prezentovat zahrani\u010dn\u00edm i \u010desk\u00fdm poslucha\u010d\u016fm.\u201d prof. Ivan Kl\u00e1nsk\u00fd","og_url":"https:\/\/mozartdinner.cz\/cs\/prof-ivan-klansky-slavny-cesky-klavirista-profesor-hudby-laureat-mnoha-mezinarodnich-soutezi-navstivil-veceri-mozartem-tentokrat-roli-otce-ktery-se-prisel-podivat-sveho-syna-baritonistu\/","og_site_name":"Mozart Dinner *****","article_published_time":"2017-05-24T11:58:23+00:00","og_image":[{"url":"https:\/\/mozartdinner.cz\/wp-content\/uploads\/2017\/05\/prof.Klansky-a-syn.jpg","type":"","width":"","height":""}],"author":"mzadmindi","twitter_card":"summary_large_image","twitter_misc":{"Napsal(a)":"mzadmindi"},"schema":{"@context":"https:\/\/schema.org","@graph":[{"@type":"Article","@id":"https:\/\/mozartdinner.cz\/cs\/prof-ivan-klansky-slavny-cesky-klavirista-profesor-hudby-laureat-mnoha-mezinarodnich-soutezi-navstivil-veceri-mozartem-tentokrat-roli-otce-ktery-se-prisel-podivat-sveho-syna-baritonistu\/#article","isPartOf":{"@id":"https:\/\/mozartdinner.cz\/cs\/prof-ivan-klansky-slavny-cesky-klavirista-profesor-hudby-laureat-mnoha-mezinarodnich-soutezi-navstivil-veceri-mozartem-tentokrat-roli-otce-ktery-se-prisel-podivat-sveho-syna-baritonistu\/"},"author":{"name":"mzadmindi","@id":"https:\/\/mozartdinner.cz\/#\/schema\/person\/510a5b969c934320072d341eab69bb23"},"headline":"Prof. Ivan Kl\u00e1nsk\u00fd, slavn\u00fd \u010desk\u00fd klav\u00edrista, profesor hudby a laure\u00e1t mnoha mezin\u00e1rodn\u00edch sout\u011b\u017e\u00ed nav\u0161t\u00edvil Ve\u010de\u0159i s Mozartem. Tentokr\u00e1t v roli otce, kter\u00fd se p\u0159i\u0161el pod\u00edvat na sv\u00e9ho syna baritonistu Daniela Kl\u00e1nskeho.","datePublished":"2017-05-24T11:58:23+00:00","mainEntityOfPage":{"@id":"https:\/\/mozartdinner.cz\/cs\/prof-ivan-klansky-slavny-cesky-klavirista-profesor-hudby-laureat-mnoha-mezinarodnich-soutezi-navstivil-veceri-mozartem-tentokrat-roli-otce-ktery-se-prisel-podivat-sveho-syna-baritonistu\/"},"wordCount":135,"commentCount":0,"image":{"@id":"https:\/\/mozartdinner.cz\/cs\/prof-ivan-klansky-slavny-cesky-klavirista-profesor-hudby-laureat-mnoha-mezinarodnich-soutezi-navstivil-veceri-mozartem-tentokrat-roli-otce-ktery-se-prisel-podivat-sveho-syna-baritonistu\/#primaryimage"},"thumbnailUrl":"https:\/\/mozartdinner.cz\/wp-content\/uploads\/2017\/05\/prof.Klansky-a-syn.jpg","articleSection":["Uncategorized @cs"],"inLanguage":"cs","potentialAction":[{"@type":"CommentAction","name":"Comment","target":["https:\/\/mozartdinner.cz\/cs\/prof-ivan-klansky-slavny-cesky-klavirista-profesor-hudby-laureat-mnoha-mezinarodnich-soutezi-navstivil-veceri-mozartem-tentokrat-roli-otce-ktery-se-prisel-podivat-sveho-syna-baritonistu\/#respond"]}]},{"@type":"WebPage","@id":"https:\/\/mozartdinner.cz\/cs\/prof-ivan-klansky-slavny-cesky-klavirista-profesor-hudby-laureat-mnoha-mezinarodnich-soutezi-navstivil-veceri-mozartem-tentokrat-roli-otce-ktery-se-prisel-podivat-sveho-syna-baritonistu\/","url":"https:\/\/mozartdinner.cz\/cs\/prof-ivan-klansky-slavny-cesky-klavirista-profesor-hudby-laureat-mnoha-mezinarodnich-soutezi-navstivil-veceri-mozartem-tentokrat-roli-otce-ktery-se-prisel-podivat-sveho-syna-baritonistu\/","name":"Prof. Ivan Kl\u00e1nsk\u00fd, slavn\u00fd \u010desk\u00fd klav\u00edrista, profesor hudby a laure\u00e1t mnoha mezin\u00e1rodn\u00edch sout\u011b\u017e\u00ed nav\u0161t\u00edvil Ve\u010de\u0159i s Mozartem. Tentokr\u00e1t v roli otce, kter\u00fd se p\u0159i\u0161el pod\u00edvat na sv\u00e9ho syna baritonistu Daniela Kl\u00e1nskeho. - Mozart Dinner *****","isPartOf":{"@id":"https:\/\/mozartdinner.cz\/#website"},"primaryImageOfPage":{"@id":"https:\/\/mozartdinner.cz\/cs\/prof-ivan-klansky-slavny-cesky-klavirista-profesor-hudby-laureat-mnoha-mezinarodnich-soutezi-navstivil-veceri-mozartem-tentokrat-roli-otce-ktery-se-prisel-podivat-sveho-syna-baritonistu\/#primaryimage"},"image":{"@id":"https:\/\/mozartdinner.cz\/cs\/prof-ivan-klansky-slavny-cesky-klavirista-profesor-hudby-laureat-mnoha-mezinarodnich-soutezi-navstivil-veceri-mozartem-tentokrat-roli-otce-ktery-se-prisel-podivat-sveho-syna-baritonistu\/#primaryimage"},"thumbnailUrl":"https:\/\/mozartdinner.cz\/wp-content\/uploads\/2017\/05\/prof.Klansky-a-syn.jpg","datePublished":"2017-05-24T11:58:23+00:00","author":{"@id":"https:\/\/mozartdinner.cz\/#\/schema\/person\/510a5b969c934320072d341eab69bb23"},"breadcrumb":{"@id":"https:\/\/mozartdinner.cz\/cs\/prof-ivan-klansky-slavny-cesky-klavirista-profesor-hudby-laureat-mnoha-mezinarodnich-soutezi-navstivil-veceri-mozartem-tentokrat-roli-otce-ktery-se-prisel-podivat-sveho-syna-baritonistu\/#breadcrumb"},"inLanguage":"cs","potentialAction":[{"@type":"ReadAction","target":["https:\/\/mozartdinner.cz\/cs\/prof-ivan-klansky-slavny-cesky-klavirista-profesor-hudby-laureat-mnoha-mezinarodnich-soutezi-navstivil-veceri-mozartem-tentokrat-roli-otce-ktery-se-prisel-podivat-sveho-syna-baritonistu\/"]}]},{"@type":"ImageObject","inLanguage":"cs","@id":"https:\/\/mozartdinner.cz\/cs\/prof-ivan-klansky-slavny-cesky-klavirista-profesor-hudby-laureat-mnoha-mezinarodnich-soutezi-navstivil-veceri-mozartem-tentokrat-roli-otce-ktery-se-prisel-podivat-sveho-syna-baritonistu\/#primaryimage","url":"https:\/\/mozartdinner.cz\/wp-content\/uploads\/2017\/05\/prof.Klansky-a-syn.jpg","contentUrl":"https:\/\/mozartdinner.cz\/wp-content\/uploads\/2017\/05\/prof.Klansky-a-syn.jpg"},{"@type":"BreadcrumbList","@id":"https:\/\/mozartdinner.cz\/cs\/prof-ivan-klansky-slavny-cesky-klavirista-profesor-hudby-laureat-mnoha-mezinarodnich-soutezi-navstivil-veceri-mozartem-tentokrat-roli-otce-ktery-se-prisel-podivat-sveho-syna-baritonistu\/#breadcrumb","itemListElement":[{"@type":"ListItem","position":1,"name":"Home","item":"https:\/\/mozartdinner.cz\/cs\/"},{"@type":"ListItem","position":2,"name":"Prof. Ivan Kl\u00e1nsk\u00fd, slavn\u00fd \u010desk\u00fd klav\u00edrista, profesor hudby a laure\u00e1t mnoha mezin\u00e1rodn\u00edch sout\u011b\u017e\u00ed nav\u0161t\u00edvil Ve\u010de\u0159i s Mozartem. Tentokr\u00e1t v roli otce, kter\u00fd se p\u0159i\u0161el pod\u00edvat na sv\u00e9ho syna baritonistu Daniela Kl\u00e1nskeho."}]},{"@type":"WebSite","@id":"https:\/\/mozartdinner.cz\/#website","url":"https:\/\/mozartdinner.cz\/","name":"Mozart Dinner *****","description":"Your private opera theater in Prague","potentialAction":[{"@type":"SearchAction","target":{"@type":"EntryPoint","urlTemplate":"https:\/\/mozartdinner.cz\/?s={search_term_string}"},"query-input":{"@type":"PropertyValueSpecification","valueRequired":true,"valueName":"search_term_string"}}],"inLanguage":"cs"},{"@type":"Person","@id":"https:\/\/mozartdinner.cz\/#\/schema\/person\/510a5b969c934320072d341eab69bb23","name":"mzadmindi","image":{"@type":"ImageObject","inLanguage":"cs","@id":"https:\/\/secure.gravatar.com\/avatar\/41c11fc4db7d7d2c189786e67be503044d321df5f42f282e2c522d275618c1c1?s=96&d=mm&r=g","url":"https:\/\/secure.gravatar.com\/avatar\/41c11fc4db7d7d2c189786e67be503044d321df5f42f282e2c522d275618c1c1?s=96&d=mm&r=g","contentUrl":"https:\/\/secure.gravatar.com\/avatar\/41c11fc4db7d7d2c189786e67be503044d321df5f42f282e2c522d275618c1c1?s=96&d=mm&r=g","caption":"mzadmindi"}}]}},"publishpress_future_workflow_manual_trigger":{"enabledWorkflows":[]},"_links":{"self":[{"href":"https:\/\/mozartdinner.cz\/cs\/wp-json\/wp\/v2\/posts\/704","targetHints":{"allow":["GET"]}}],"collection":[{"href":"https:\/\/mozartdinner.cz\/cs\/wp-json\/wp\/v2\/posts"}],"about":[{"href":"https:\/\/mozartdinner.cz\/cs\/wp-json\/wp\/v2\/types\/post"}],"author":[{"embeddable":true,"href":"https:\/\/mozartdinner.cz\/cs\/wp-json\/wp\/v2\/users\/1"}],"replies":[{"embeddable":true,"href":"https:\/\/mozartdinner.cz\/cs\/wp-json\/wp\/v2\/comments?post=704"}],"version-history":[{"count":1,"href":"https:\/\/mozartdinner.cz\/cs\/wp-json\/wp\/v2\/posts\/704\/revisions"}],"predecessor-version":[{"id":706,"href":"https:\/\/mozartdinner.cz\/cs\/wp-json\/wp\/v2\/posts\/704\/revisions\/706"}],"wp:attachment":[{"href":"https:\/\/mozartdinner.cz\/cs\/wp-json\/wp\/v2\/media?parent=704"}],"wp:term":[{"taxonomy":"category","embeddable":true,"href":"https:\/\/mozartdinner.cz\/cs\/wp-json\/wp\/v2\/categories?post=704"},{"taxonomy":"post_tag","embeddable":true,"href":"https:\/\/mozartdinner.cz\/cs\/wp-json\/wp\/v2\/tags?post=704"}],"curies":[{"name":"wp","href":"https:\/\/api.w.org\/{rel}","templated":true}]}}