{"id":702,"date":"2017-05-24T13:56:38","date_gmt":"2017-05-24T11:56:38","guid":{"rendered":"https:\/\/mozartdinner.cz\/?p=702\/"},"modified":"2017-05-24T13:56:38","modified_gmt":"2017-05-24T11:56:38","slug":"velikonocni-vecere-mozartem-2","status":"publish","type":"post","link":"https:\/\/mozartdinner.cz\/cs\/velikonocni-vecere-mozartem-2\/","title":{"rendered":"Velikono\u010dn\u00ed Ve\u010de\u0159e s Mozartem"},"content":{"rendered":"<p>Mil\u00ed div\u00e1ci,<\/p>\n<p>ji\u017e tradi\u010dn\u011b jsme pro v\u00e1s i tento rok p\u0159ipravili Ve\u010de\u0159i s\u00a0Mozartem na velikono\u010dn\u00ed term\u00edny. Tentokr\u00e1t si m\u016f\u017eete vybrat mezi velikono\u010dn\u00ed sobotou a pond\u011bl\u00edm. P\u0159ij\u010fte oslavit tento jarn\u00ed sv\u00e1tek do pam\u00e1tkov\u011b chr\u00e1n\u011bn\u00e9ho s\u00e1lu v\u00a0centru Prahy a nechte se un\u00e9st skv\u011bl\u00fdmi v\u00fdkony Terezie \u0160varcov\u00e9 a Daniela Kl\u00e1nsk\u00e9ho!<\/p>\n<p>Va\u0161e Top Culture<\/p>\n","protected":false},"excerpt":{"rendered":"<p>Mil\u00ed div\u00e1ci, ji\u017e tradi\u010dn\u011b jsme pro v\u00e1s i tento rok p\u0159ipravili Ve\u010de\u0159i s\u00a0Mozartem na velikono\u010dn\u00ed term\u00edny. Tentokr\u00e1t si m\u016f\u017eete vybrat mezi velikono\u010dn\u00ed sobotou a pond\u011bl\u00edm. P\u0159ij\u010fte oslavit tento jarn\u00ed sv\u00e1tek do pam\u00e1tkov\u011b chr\u00e1n\u011bn\u00e9ho s\u00e1lu v\u00a0centru Prahy a nechte se un\u00e9st skv\u011bl\u00fdmi v\u00fdkony Terezie \u0160varcov\u00e9 a Daniela Kl\u00e1nsk\u00e9ho! Va\u0161e Top Culture<\/p>\n","protected":false},"author":1,"featured_media":0,"comment_status":"open","ping_status":"open","sticky":false,"template":"","format":"standard","meta":{"footnotes":""},"categories":[1],"tags":[],"class_list":["post-702","post","type-post","status-publish","format-standard","hentry","category-uncategorized-cs"],"yoast_head":"<!-- This site is optimized with the Yoast SEO plugin v27.5 - https:\/\/yoast.com\/product\/yoast-seo-wordpress\/ -->\n<title>Velikono\u010dn\u00ed Ve\u010de\u0159e s Mozartem - Mozart Dinner *****<\/title>\n<meta name=\"robots\" content=\"index, follow, max-snippet:-1, max-image-preview:large, max-video-preview:-1\" \/>\n<link rel=\"canonical\" href=\"https:\/\/mozartdinner.cz\/cs\/velikonocni-vecere-mozartem-2\/\" \/>\n<meta property=\"og:locale\" content=\"cs_CZ\" \/>\n<meta property=\"og:type\" content=\"article\" \/>\n<meta property=\"og:title\" content=\"Velikono\u010dn\u00ed Ve\u010de\u0159e s Mozartem - Mozart Dinner *****\" \/>\n<meta property=\"og:description\" content=\"Mil\u00ed div\u00e1ci, ji\u017e tradi\u010dn\u011b jsme pro v\u00e1s i tento rok p\u0159ipravili Ve\u010de\u0159i s\u00a0Mozartem na velikono\u010dn\u00ed term\u00edny. Tentokr\u00e1t si m\u016f\u017eete vybrat mezi velikono\u010dn\u00ed sobotou a pond\u011bl\u00edm. P\u0159ij\u010fte oslavit tento jarn\u00ed sv\u00e1tek do pam\u00e1tkov\u011b chr\u00e1n\u011bn\u00e9ho s\u00e1lu v\u00a0centru Prahy a nechte se un\u00e9st skv\u011bl\u00fdmi v\u00fdkony Terezie \u0160varcov\u00e9 a Daniela Kl\u00e1nsk\u00e9ho! Va\u0161e Top Culture\" \/>\n<meta property=\"og:url\" content=\"https:\/\/mozartdinner.cz\/cs\/velikonocni-vecere-mozartem-2\/\" \/>\n<meta property=\"og:site_name\" content=\"Mozart Dinner *****\" \/>\n<meta property=\"article:published_time\" content=\"2017-05-24T11:56:38+00:00\" \/>\n<meta name=\"author\" content=\"mzadmindi\" \/>\n<meta name=\"twitter:card\" content=\"summary_large_image\" \/>\n<meta name=\"twitter:label1\" content=\"Napsal(a)\" \/>\n\t<meta name=\"twitter:data1\" content=\"mzadmindi\" \/>\n<script type=\"application\/ld+json\" class=\"yoast-schema-graph\">{\"@context\":\"https:\\\/\\\/schema.org\",\"@graph\":[{\"@type\":\"Article\",\"@id\":\"https:\\\/\\\/mozartdinner.cz\\\/cs\\\/velikonocni-vecere-mozartem-2\\\/#article\",\"isPartOf\":{\"@id\":\"https:\\\/\\\/mozartdinner.cz\\\/cs\\\/velikonocni-vecere-mozartem-2\\\/\"},\"author\":{\"name\":\"mzadmindi\",\"@id\":\"https:\\\/\\\/mozartdinner.cz\\\/#\\\/schema\\\/person\\\/510a5b969c934320072d341eab69bb23\"},\"headline\":\"Velikono\u010dn\u00ed Ve\u010de\u0159e s Mozartem\",\"datePublished\":\"2017-05-24T11:56:38+00:00\",\"mainEntityOfPage\":{\"@id\":\"https:\\\/\\\/mozartdinner.cz\\\/cs\\\/velikonocni-vecere-mozartem-2\\\/\"},\"wordCount\":87,\"commentCount\":0,\"articleSection\":[\"Uncategorized @cs\"],\"inLanguage\":\"cs\",\"potentialAction\":[{\"@type\":\"CommentAction\",\"name\":\"Comment\",\"target\":[\"https:\\\/\\\/mozartdinner.cz\\\/cs\\\/velikonocni-vecere-mozartem-2\\\/#respond\"]}]},{\"@type\":\"WebPage\",\"@id\":\"https:\\\/\\\/mozartdinner.cz\\\/cs\\\/velikonocni-vecere-mozartem-2\\\/\",\"url\":\"https:\\\/\\\/mozartdinner.cz\\\/cs\\\/velikonocni-vecere-mozartem-2\\\/\",\"name\":\"Velikono\u010dn\u00ed Ve\u010de\u0159e s Mozartem - Mozart Dinner *****\",\"isPartOf\":{\"@id\":\"https:\\\/\\\/mozartdinner.cz\\\/#website\"},\"datePublished\":\"2017-05-24T11:56:38+00:00\",\"author\":{\"@id\":\"https:\\\/\\\/mozartdinner.cz\\\/#\\\/schema\\\/person\\\/510a5b969c934320072d341eab69bb23\"},\"breadcrumb\":{\"@id\":\"https:\\\/\\\/mozartdinner.cz\\\/cs\\\/velikonocni-vecere-mozartem-2\\\/#breadcrumb\"},\"inLanguage\":\"cs\",\"potentialAction\":[{\"@type\":\"ReadAction\",\"target\":[\"https:\\\/\\\/mozartdinner.cz\\\/cs\\\/velikonocni-vecere-mozartem-2\\\/\"]}]},{\"@type\":\"BreadcrumbList\",\"@id\":\"https:\\\/\\\/mozartdinner.cz\\\/cs\\\/velikonocni-vecere-mozartem-2\\\/#breadcrumb\",\"itemListElement\":[{\"@type\":\"ListItem\",\"position\":1,\"name\":\"Home\",\"item\":\"https:\\\/\\\/mozartdinner.cz\\\/cs\\\/\"},{\"@type\":\"ListItem\",\"position\":2,\"name\":\"Velikono\u010dn\u00ed Ve\u010de\u0159e s Mozartem\"}]},{\"@type\":\"WebSite\",\"@id\":\"https:\\\/\\\/mozartdinner.cz\\\/#website\",\"url\":\"https:\\\/\\\/mozartdinner.cz\\\/\",\"name\":\"Mozart Dinner *****\",\"description\":\"Your private opera theater in Prague\",\"potentialAction\":[{\"@type\":\"SearchAction\",\"target\":{\"@type\":\"EntryPoint\",\"urlTemplate\":\"https:\\\/\\\/mozartdinner.cz\\\/?s={search_term_string}\"},\"query-input\":{\"@type\":\"PropertyValueSpecification\",\"valueRequired\":true,\"valueName\":\"search_term_string\"}}],\"inLanguage\":\"cs\"},{\"@type\":\"Person\",\"@id\":\"https:\\\/\\\/mozartdinner.cz\\\/#\\\/schema\\\/person\\\/510a5b969c934320072d341eab69bb23\",\"name\":\"mzadmindi\",\"image\":{\"@type\":\"ImageObject\",\"inLanguage\":\"cs\",\"@id\":\"https:\\\/\\\/secure.gravatar.com\\\/avatar\\\/41c11fc4db7d7d2c189786e67be503044d321df5f42f282e2c522d275618c1c1?s=96&d=mm&r=g\",\"url\":\"https:\\\/\\\/secure.gravatar.com\\\/avatar\\\/41c11fc4db7d7d2c189786e67be503044d321df5f42f282e2c522d275618c1c1?s=96&d=mm&r=g\",\"contentUrl\":\"https:\\\/\\\/secure.gravatar.com\\\/avatar\\\/41c11fc4db7d7d2c189786e67be503044d321df5f42f282e2c522d275618c1c1?s=96&d=mm&r=g\",\"caption\":\"mzadmindi\"}}]}<\/script>\n<!-- \/ Yoast SEO plugin. -->","yoast_head_json":{"title":"Velikono\u010dn\u00ed Ve\u010de\u0159e s Mozartem - Mozart Dinner *****","robots":{"index":"index","follow":"follow","max-snippet":"max-snippet:-1","max-image-preview":"max-image-preview:large","max-video-preview":"max-video-preview:-1"},"canonical":"https:\/\/mozartdinner.cz\/cs\/velikonocni-vecere-mozartem-2\/","og_locale":"cs_CZ","og_type":"article","og_title":"Velikono\u010dn\u00ed Ve\u010de\u0159e s Mozartem - Mozart Dinner *****","og_description":"Mil\u00ed div\u00e1ci, ji\u017e tradi\u010dn\u011b jsme pro v\u00e1s i tento rok p\u0159ipravili Ve\u010de\u0159i s\u00a0Mozartem na velikono\u010dn\u00ed term\u00edny. Tentokr\u00e1t si m\u016f\u017eete vybrat mezi velikono\u010dn\u00ed sobotou a pond\u011bl\u00edm. P\u0159ij\u010fte oslavit tento jarn\u00ed sv\u00e1tek do pam\u00e1tkov\u011b chr\u00e1n\u011bn\u00e9ho s\u00e1lu v\u00a0centru Prahy a nechte se un\u00e9st skv\u011bl\u00fdmi v\u00fdkony Terezie \u0160varcov\u00e9 a Daniela Kl\u00e1nsk\u00e9ho! Va\u0161e Top Culture","og_url":"https:\/\/mozartdinner.cz\/cs\/velikonocni-vecere-mozartem-2\/","og_site_name":"Mozart Dinner *****","article_published_time":"2017-05-24T11:56:38+00:00","author":"mzadmindi","twitter_card":"summary_large_image","twitter_misc":{"Napsal(a)":"mzadmindi"},"schema":{"@context":"https:\/\/schema.org","@graph":[{"@type":"Article","@id":"https:\/\/mozartdinner.cz\/cs\/velikonocni-vecere-mozartem-2\/#article","isPartOf":{"@id":"https:\/\/mozartdinner.cz\/cs\/velikonocni-vecere-mozartem-2\/"},"author":{"name":"mzadmindi","@id":"https:\/\/mozartdinner.cz\/#\/schema\/person\/510a5b969c934320072d341eab69bb23"},"headline":"Velikono\u010dn\u00ed Ve\u010de\u0159e s Mozartem","datePublished":"2017-05-24T11:56:38+00:00","mainEntityOfPage":{"@id":"https:\/\/mozartdinner.cz\/cs\/velikonocni-vecere-mozartem-2\/"},"wordCount":87,"commentCount":0,"articleSection":["Uncategorized @cs"],"inLanguage":"cs","potentialAction":[{"@type":"CommentAction","name":"Comment","target":["https:\/\/mozartdinner.cz\/cs\/velikonocni-vecere-mozartem-2\/#respond"]}]},{"@type":"WebPage","@id":"https:\/\/mozartdinner.cz\/cs\/velikonocni-vecere-mozartem-2\/","url":"https:\/\/mozartdinner.cz\/cs\/velikonocni-vecere-mozartem-2\/","name":"Velikono\u010dn\u00ed Ve\u010de\u0159e s Mozartem - Mozart Dinner *****","isPartOf":{"@id":"https:\/\/mozartdinner.cz\/#website"},"datePublished":"2017-05-24T11:56:38+00:00","author":{"@id":"https:\/\/mozartdinner.cz\/#\/schema\/person\/510a5b969c934320072d341eab69bb23"},"breadcrumb":{"@id":"https:\/\/mozartdinner.cz\/cs\/velikonocni-vecere-mozartem-2\/#breadcrumb"},"inLanguage":"cs","potentialAction":[{"@type":"ReadAction","target":["https:\/\/mozartdinner.cz\/cs\/velikonocni-vecere-mozartem-2\/"]}]},{"@type":"BreadcrumbList","@id":"https:\/\/mozartdinner.cz\/cs\/velikonocni-vecere-mozartem-2\/#breadcrumb","itemListElement":[{"@type":"ListItem","position":1,"name":"Home","item":"https:\/\/mozartdinner.cz\/cs\/"},{"@type":"ListItem","position":2,"name":"Velikono\u010dn\u00ed Ve\u010de\u0159e s Mozartem"}]},{"@type":"WebSite","@id":"https:\/\/mozartdinner.cz\/#website","url":"https:\/\/mozartdinner.cz\/","name":"Mozart Dinner *****","description":"Your private opera theater in Prague","potentialAction":[{"@type":"SearchAction","target":{"@type":"EntryPoint","urlTemplate":"https:\/\/mozartdinner.cz\/?s={search_term_string}"},"query-input":{"@type":"PropertyValueSpecification","valueRequired":true,"valueName":"search_term_string"}}],"inLanguage":"cs"},{"@type":"Person","@id":"https:\/\/mozartdinner.cz\/#\/schema\/person\/510a5b969c934320072d341eab69bb23","name":"mzadmindi","image":{"@type":"ImageObject","inLanguage":"cs","@id":"https:\/\/secure.gravatar.com\/avatar\/41c11fc4db7d7d2c189786e67be503044d321df5f42f282e2c522d275618c1c1?s=96&d=mm&r=g","url":"https:\/\/secure.gravatar.com\/avatar\/41c11fc4db7d7d2c189786e67be503044d321df5f42f282e2c522d275618c1c1?s=96&d=mm&r=g","contentUrl":"https:\/\/secure.gravatar.com\/avatar\/41c11fc4db7d7d2c189786e67be503044d321df5f42f282e2c522d275618c1c1?s=96&d=mm&r=g","caption":"mzadmindi"}}]}},"publishpress_future_workflow_manual_trigger":{"enabledWorkflows":[]},"_links":{"self":[{"href":"https:\/\/mozartdinner.cz\/cs\/wp-json\/wp\/v2\/posts\/702","targetHints":{"allow":["GET"]}}],"collection":[{"href":"https:\/\/mozartdinner.cz\/cs\/wp-json\/wp\/v2\/posts"}],"about":[{"href":"https:\/\/mozartdinner.cz\/cs\/wp-json\/wp\/v2\/types\/post"}],"author":[{"embeddable":true,"href":"https:\/\/mozartdinner.cz\/cs\/wp-json\/wp\/v2\/users\/1"}],"replies":[{"embeddable":true,"href":"https:\/\/mozartdinner.cz\/cs\/wp-json\/wp\/v2\/comments?post=702"}],"version-history":[{"count":1,"href":"https:\/\/mozartdinner.cz\/cs\/wp-json\/wp\/v2\/posts\/702\/revisions"}],"predecessor-version":[{"id":703,"href":"https:\/\/mozartdinner.cz\/cs\/wp-json\/wp\/v2\/posts\/702\/revisions\/703"}],"wp:attachment":[{"href":"https:\/\/mozartdinner.cz\/cs\/wp-json\/wp\/v2\/media?parent=702"}],"wp:term":[{"taxonomy":"category","embeddable":true,"href":"https:\/\/mozartdinner.cz\/cs\/wp-json\/wp\/v2\/categories?post=702"},{"taxonomy":"post_tag","embeddable":true,"href":"https:\/\/mozartdinner.cz\/cs\/wp-json\/wp\/v2\/tags?post=702"}],"curies":[{"name":"wp","href":"https:\/\/api.w.org\/{rel}","templated":true}]}}