{"id":685,"date":"2017-05-24T13:53:16","date_gmt":"2017-05-24T11:53:16","guid":{"rendered":"https:\/\/mozartdinner.cz\/?p=685\/"},"modified":"2017-05-24T13:53:16","modified_gmt":"2017-05-24T11:53:16","slug":"novorocni-koncert-barborou-pernou","status":"publish","type":"post","link":"https:\/\/mozartdinner.cz\/cs\/novorocni-koncert-barborou-pernou\/","title":{"rendered":"Novoro\u010dn\u00ed koncert s Barborou Pernou"},"content":{"rendered":"<p>Mil\u00ed div\u00e1ci, na Novoro\u010dn\u00edm koncertu jsme m\u011bli tu \u010dest uv\u00edtat opern\u00ed p\u011bvkyni\u00a0<a href=\"https:\/\/www.narodni-divadlo.cz\/cs\/umelec\/barbora-perna\" target=\"_blank\" rel=\"noopener noreferrer\">Barboru Pernou<\/a>,\u00a0kter\u00e1 pat\u0159\u00ed k na\u0161im sou\u010dasn\u00fdm nejv\u011bt\u0161\u00edm p\u011bveck\u00fdm nad\u011bj\u00edm a mimo jin\u00e9 pravideln\u011b hostuje v N\u00e1rodn\u00edm divadle v Praze.<\/p>\n<p>Div\u00e1ci odm\u011bnili jej\u00ed v\u00fdkon i v\u00fdkon baritona Daniela Kl\u00e1nsk\u00e9ho bou\u0159liv\u00fdm aplausem.<\/p>\n<p>Za tento \u00fa\u017easn\u00fd z\u00e1\u017eitek d\u011bkujeme a budeme se t\u011b\u0161it na dal\u0161\u00ed spolupr\u00e1ci!<\/p>\n","protected":false},"excerpt":{"rendered":"<p>Mil\u00ed div\u00e1ci, na Novoro\u010dn\u00edm koncertu jsme m\u011bli tu \u010dest uv\u00edtat opern\u00ed p\u011bvkyni\u00a0Barboru Pernou,\u00a0kter\u00e1 pat\u0159\u00ed k na\u0161im sou\u010dasn\u00fdm nejv\u011bt\u0161\u00edm p\u011bveck\u00fdm nad\u011bj\u00edm a mimo jin\u00e9 pravideln\u011b hostuje v N\u00e1rodn\u00edm divadle v Praze. Div\u00e1ci odm\u011bnili jej\u00ed v\u00fdkon i v\u00fdkon baritona Daniela Kl\u00e1nsk\u00e9ho bou\u0159liv\u00fdm aplausem. Za tento \u00fa\u017easn\u00fd z\u00e1\u017eitek d\u011bkujeme a budeme se t\u011b\u0161it na dal\u0161\u00ed spolupr\u00e1ci!<\/p>\n","protected":false},"author":1,"featured_media":0,"comment_status":"open","ping_status":"open","sticky":false,"template":"","format":"standard","meta":{"footnotes":""},"categories":[1],"tags":[],"class_list":["post-685","post","type-post","status-publish","format-standard","hentry","category-uncategorized-cs"],"yoast_head":"<!-- This site is optimized with the Yoast SEO plugin v27.5 - https:\/\/yoast.com\/product\/yoast-seo-wordpress\/ -->\n<title>Novoro\u010dn\u00ed koncert s Barborou Pernou - Mozart Dinner *****<\/title>\n<meta name=\"robots\" content=\"index, follow, max-snippet:-1, max-image-preview:large, max-video-preview:-1\" \/>\n<link rel=\"canonical\" href=\"https:\/\/mozartdinner.cz\/cs\/novorocni-koncert-barborou-pernou\/\" \/>\n<meta property=\"og:locale\" content=\"cs_CZ\" \/>\n<meta property=\"og:type\" content=\"article\" \/>\n<meta property=\"og:title\" content=\"Novoro\u010dn\u00ed koncert s Barborou Pernou - Mozart Dinner *****\" \/>\n<meta property=\"og:description\" content=\"Mil\u00ed div\u00e1ci, na Novoro\u010dn\u00edm koncertu jsme m\u011bli tu \u010dest uv\u00edtat opern\u00ed p\u011bvkyni\u00a0Barboru Pernou,\u00a0kter\u00e1 pat\u0159\u00ed k na\u0161im sou\u010dasn\u00fdm nejv\u011bt\u0161\u00edm p\u011bveck\u00fdm nad\u011bj\u00edm a mimo jin\u00e9 pravideln\u011b hostuje v N\u00e1rodn\u00edm divadle v Praze. Div\u00e1ci odm\u011bnili jej\u00ed v\u00fdkon i v\u00fdkon baritona Daniela Kl\u00e1nsk\u00e9ho bou\u0159liv\u00fdm aplausem. Za tento \u00fa\u017easn\u00fd z\u00e1\u017eitek d\u011bkujeme a budeme se t\u011b\u0161it na dal\u0161\u00ed spolupr\u00e1ci!\" \/>\n<meta property=\"og:url\" content=\"https:\/\/mozartdinner.cz\/cs\/novorocni-koncert-barborou-pernou\/\" \/>\n<meta property=\"og:site_name\" content=\"Mozart Dinner *****\" \/>\n<meta property=\"article:published_time\" content=\"2017-05-24T11:53:16+00:00\" \/>\n<meta name=\"author\" content=\"mzadmindi\" \/>\n<meta name=\"twitter:card\" content=\"summary_large_image\" \/>\n<meta name=\"twitter:label1\" content=\"Napsal(a)\" \/>\n\t<meta name=\"twitter:data1\" content=\"mzadmindi\" \/>\n<script type=\"application\/ld+json\" class=\"yoast-schema-graph\">{\"@context\":\"https:\\\/\\\/schema.org\",\"@graph\":[{\"@type\":\"Article\",\"@id\":\"https:\\\/\\\/mozartdinner.cz\\\/cs\\\/novorocni-koncert-barborou-pernou\\\/#article\",\"isPartOf\":{\"@id\":\"https:\\\/\\\/mozartdinner.cz\\\/cs\\\/novorocni-koncert-barborou-pernou\\\/\"},\"author\":{\"name\":\"mzadmindi\",\"@id\":\"https:\\\/\\\/mozartdinner.cz\\\/#\\\/schema\\\/person\\\/510a5b969c934320072d341eab69bb23\"},\"headline\":\"Novoro\u010dn\u00ed koncert s Barborou Pernou\",\"datePublished\":\"2017-05-24T11:53:16+00:00\",\"mainEntityOfPage\":{\"@id\":\"https:\\\/\\\/mozartdinner.cz\\\/cs\\\/novorocni-koncert-barborou-pernou\\\/\"},\"wordCount\":90,\"commentCount\":0,\"articleSection\":[\"Uncategorized @cs\"],\"inLanguage\":\"cs\",\"potentialAction\":[{\"@type\":\"CommentAction\",\"name\":\"Comment\",\"target\":[\"https:\\\/\\\/mozartdinner.cz\\\/cs\\\/novorocni-koncert-barborou-pernou\\\/#respond\"]}]},{\"@type\":\"WebPage\",\"@id\":\"https:\\\/\\\/mozartdinner.cz\\\/cs\\\/novorocni-koncert-barborou-pernou\\\/\",\"url\":\"https:\\\/\\\/mozartdinner.cz\\\/cs\\\/novorocni-koncert-barborou-pernou\\\/\",\"name\":\"Novoro\u010dn\u00ed koncert s Barborou Pernou - Mozart Dinner *****\",\"isPartOf\":{\"@id\":\"https:\\\/\\\/mozartdinner.cz\\\/#website\"},\"datePublished\":\"2017-05-24T11:53:16+00:00\",\"author\":{\"@id\":\"https:\\\/\\\/mozartdinner.cz\\\/#\\\/schema\\\/person\\\/510a5b969c934320072d341eab69bb23\"},\"breadcrumb\":{\"@id\":\"https:\\\/\\\/mozartdinner.cz\\\/cs\\\/novorocni-koncert-barborou-pernou\\\/#breadcrumb\"},\"inLanguage\":\"cs\",\"potentialAction\":[{\"@type\":\"ReadAction\",\"target\":[\"https:\\\/\\\/mozartdinner.cz\\\/cs\\\/novorocni-koncert-barborou-pernou\\\/\"]}]},{\"@type\":\"BreadcrumbList\",\"@id\":\"https:\\\/\\\/mozartdinner.cz\\\/cs\\\/novorocni-koncert-barborou-pernou\\\/#breadcrumb\",\"itemListElement\":[{\"@type\":\"ListItem\",\"position\":1,\"name\":\"Home\",\"item\":\"https:\\\/\\\/mozartdinner.cz\\\/cs\\\/\"},{\"@type\":\"ListItem\",\"position\":2,\"name\":\"Novoro\u010dn\u00ed koncert s Barborou Pernou\"}]},{\"@type\":\"WebSite\",\"@id\":\"https:\\\/\\\/mozartdinner.cz\\\/#website\",\"url\":\"https:\\\/\\\/mozartdinner.cz\\\/\",\"name\":\"Mozart Dinner *****\",\"description\":\"Your private opera theater in Prague\",\"potentialAction\":[{\"@type\":\"SearchAction\",\"target\":{\"@type\":\"EntryPoint\",\"urlTemplate\":\"https:\\\/\\\/mozartdinner.cz\\\/?s={search_term_string}\"},\"query-input\":{\"@type\":\"PropertyValueSpecification\",\"valueRequired\":true,\"valueName\":\"search_term_string\"}}],\"inLanguage\":\"cs\"},{\"@type\":\"Person\",\"@id\":\"https:\\\/\\\/mozartdinner.cz\\\/#\\\/schema\\\/person\\\/510a5b969c934320072d341eab69bb23\",\"name\":\"mzadmindi\",\"image\":{\"@type\":\"ImageObject\",\"inLanguage\":\"cs\",\"@id\":\"https:\\\/\\\/secure.gravatar.com\\\/avatar\\\/41c11fc4db7d7d2c189786e67be503044d321df5f42f282e2c522d275618c1c1?s=96&d=mm&r=g\",\"url\":\"https:\\\/\\\/secure.gravatar.com\\\/avatar\\\/41c11fc4db7d7d2c189786e67be503044d321df5f42f282e2c522d275618c1c1?s=96&d=mm&r=g\",\"contentUrl\":\"https:\\\/\\\/secure.gravatar.com\\\/avatar\\\/41c11fc4db7d7d2c189786e67be503044d321df5f42f282e2c522d275618c1c1?s=96&d=mm&r=g\",\"caption\":\"mzadmindi\"}}]}<\/script>\n<!-- \/ Yoast SEO plugin. -->","yoast_head_json":{"title":"Novoro\u010dn\u00ed koncert s Barborou Pernou - Mozart Dinner *****","robots":{"index":"index","follow":"follow","max-snippet":"max-snippet:-1","max-image-preview":"max-image-preview:large","max-video-preview":"max-video-preview:-1"},"canonical":"https:\/\/mozartdinner.cz\/cs\/novorocni-koncert-barborou-pernou\/","og_locale":"cs_CZ","og_type":"article","og_title":"Novoro\u010dn\u00ed koncert s Barborou Pernou - Mozart Dinner *****","og_description":"Mil\u00ed div\u00e1ci, na Novoro\u010dn\u00edm koncertu jsme m\u011bli tu \u010dest uv\u00edtat opern\u00ed p\u011bvkyni\u00a0Barboru Pernou,\u00a0kter\u00e1 pat\u0159\u00ed k na\u0161im sou\u010dasn\u00fdm nejv\u011bt\u0161\u00edm p\u011bveck\u00fdm nad\u011bj\u00edm a mimo jin\u00e9 pravideln\u011b hostuje v N\u00e1rodn\u00edm divadle v Praze. Div\u00e1ci odm\u011bnili jej\u00ed v\u00fdkon i v\u00fdkon baritona Daniela Kl\u00e1nsk\u00e9ho bou\u0159liv\u00fdm aplausem. Za tento \u00fa\u017easn\u00fd z\u00e1\u017eitek d\u011bkujeme a budeme se t\u011b\u0161it na dal\u0161\u00ed spolupr\u00e1ci!","og_url":"https:\/\/mozartdinner.cz\/cs\/novorocni-koncert-barborou-pernou\/","og_site_name":"Mozart Dinner *****","article_published_time":"2017-05-24T11:53:16+00:00","author":"mzadmindi","twitter_card":"summary_large_image","twitter_misc":{"Napsal(a)":"mzadmindi"},"schema":{"@context":"https:\/\/schema.org","@graph":[{"@type":"Article","@id":"https:\/\/mozartdinner.cz\/cs\/novorocni-koncert-barborou-pernou\/#article","isPartOf":{"@id":"https:\/\/mozartdinner.cz\/cs\/novorocni-koncert-barborou-pernou\/"},"author":{"name":"mzadmindi","@id":"https:\/\/mozartdinner.cz\/#\/schema\/person\/510a5b969c934320072d341eab69bb23"},"headline":"Novoro\u010dn\u00ed koncert s Barborou Pernou","datePublished":"2017-05-24T11:53:16+00:00","mainEntityOfPage":{"@id":"https:\/\/mozartdinner.cz\/cs\/novorocni-koncert-barborou-pernou\/"},"wordCount":90,"commentCount":0,"articleSection":["Uncategorized @cs"],"inLanguage":"cs","potentialAction":[{"@type":"CommentAction","name":"Comment","target":["https:\/\/mozartdinner.cz\/cs\/novorocni-koncert-barborou-pernou\/#respond"]}]},{"@type":"WebPage","@id":"https:\/\/mozartdinner.cz\/cs\/novorocni-koncert-barborou-pernou\/","url":"https:\/\/mozartdinner.cz\/cs\/novorocni-koncert-barborou-pernou\/","name":"Novoro\u010dn\u00ed koncert s Barborou Pernou - Mozart Dinner *****","isPartOf":{"@id":"https:\/\/mozartdinner.cz\/#website"},"datePublished":"2017-05-24T11:53:16+00:00","author":{"@id":"https:\/\/mozartdinner.cz\/#\/schema\/person\/510a5b969c934320072d341eab69bb23"},"breadcrumb":{"@id":"https:\/\/mozartdinner.cz\/cs\/novorocni-koncert-barborou-pernou\/#breadcrumb"},"inLanguage":"cs","potentialAction":[{"@type":"ReadAction","target":["https:\/\/mozartdinner.cz\/cs\/novorocni-koncert-barborou-pernou\/"]}]},{"@type":"BreadcrumbList","@id":"https:\/\/mozartdinner.cz\/cs\/novorocni-koncert-barborou-pernou\/#breadcrumb","itemListElement":[{"@type":"ListItem","position":1,"name":"Home","item":"https:\/\/mozartdinner.cz\/cs\/"},{"@type":"ListItem","position":2,"name":"Novoro\u010dn\u00ed koncert s Barborou Pernou"}]},{"@type":"WebSite","@id":"https:\/\/mozartdinner.cz\/#website","url":"https:\/\/mozartdinner.cz\/","name":"Mozart Dinner *****","description":"Your private opera theater in Prague","potentialAction":[{"@type":"SearchAction","target":{"@type":"EntryPoint","urlTemplate":"https:\/\/mozartdinner.cz\/?s={search_term_string}"},"query-input":{"@type":"PropertyValueSpecification","valueRequired":true,"valueName":"search_term_string"}}],"inLanguage":"cs"},{"@type":"Person","@id":"https:\/\/mozartdinner.cz\/#\/schema\/person\/510a5b969c934320072d341eab69bb23","name":"mzadmindi","image":{"@type":"ImageObject","inLanguage":"cs","@id":"https:\/\/secure.gravatar.com\/avatar\/41c11fc4db7d7d2c189786e67be503044d321df5f42f282e2c522d275618c1c1?s=96&d=mm&r=g","url":"https:\/\/secure.gravatar.com\/avatar\/41c11fc4db7d7d2c189786e67be503044d321df5f42f282e2c522d275618c1c1?s=96&d=mm&r=g","contentUrl":"https:\/\/secure.gravatar.com\/avatar\/41c11fc4db7d7d2c189786e67be503044d321df5f42f282e2c522d275618c1c1?s=96&d=mm&r=g","caption":"mzadmindi"}}]}},"publishpress_future_workflow_manual_trigger":{"enabledWorkflows":[]},"_links":{"self":[{"href":"https:\/\/mozartdinner.cz\/cs\/wp-json\/wp\/v2\/posts\/685","targetHints":{"allow":["GET"]}}],"collection":[{"href":"https:\/\/mozartdinner.cz\/cs\/wp-json\/wp\/v2\/posts"}],"about":[{"href":"https:\/\/mozartdinner.cz\/cs\/wp-json\/wp\/v2\/types\/post"}],"author":[{"embeddable":true,"href":"https:\/\/mozartdinner.cz\/cs\/wp-json\/wp\/v2\/users\/1"}],"replies":[{"embeddable":true,"href":"https:\/\/mozartdinner.cz\/cs\/wp-json\/wp\/v2\/comments?post=685"}],"version-history":[{"count":1,"href":"https:\/\/mozartdinner.cz\/cs\/wp-json\/wp\/v2\/posts\/685\/revisions"}],"predecessor-version":[{"id":688,"href":"https:\/\/mozartdinner.cz\/cs\/wp-json\/wp\/v2\/posts\/685\/revisions\/688"}],"wp:attachment":[{"href":"https:\/\/mozartdinner.cz\/cs\/wp-json\/wp\/v2\/media?parent=685"}],"wp:term":[{"taxonomy":"category","embeddable":true,"href":"https:\/\/mozartdinner.cz\/cs\/wp-json\/wp\/v2\/categories?post=685"},{"taxonomy":"post_tag","embeddable":true,"href":"https:\/\/mozartdinner.cz\/cs\/wp-json\/wp\/v2\/tags?post=685"}],"curies":[{"name":"wp","href":"https:\/\/api.w.org\/{rel}","templated":true}]}}