{"id":3474,"date":"2018-02-27T17:12:59","date_gmt":"2018-02-27T16:12:59","guid":{"rendered":"https:\/\/mozartdinner.cz\/?p=3474"},"modified":"2018-03-25T16:56:51","modified_gmt":"2018-03-25T14:56:51","slug":"silvestrovska-galavecere-s-mozartem-2018-nove-v-obecnim-dome","status":"publish","type":"post","link":"https:\/\/mozartdinner.cz\/cs\/silvestrovska-galavecere-s-mozartem-2018-nove-v-obecnim-dome\/","title":{"rendered":"Silvestrovsk\u00e1 galave\u010de\u0159e s Mozartem 2018 nov\u011b i v Obecn\u00edm dom\u011b!"},"content":{"rendered":"<p>Mil\u00ed div\u00e1ci, <\/p>\n<p>po <strong>velk\u00e9m \u00fasp\u011bchu Silvestrovsk\u00e9 Galave\u010de\u0159e s Mozartem<\/strong> v lo\u0148sk\u00e9m roce jsme se rozhodli ji letos uspo\u0159\u00e1dat na dvou m\u00edstech z\u00e1rove\u0148.<br \/>\nSilvestr s n\u00e1mi budete moci oslavit ji\u017e tradi\u010dn\u011b <strong>v kr\u00e1sn\u00e9m neobarokn\u00edm s\u00e1le Boccaccio v Grand Hotelu Bohemia.<\/strong> A nov\u011b tak\u00e9 v <strong>Sladkovsk\u00e9ho s\u00e1le, v nejv\u00fdznamn\u011bj\u0161\u00ed pra\u017esk\u00e9 secesn\u00ed pam\u00e1tce, v Obecn\u00edm dom\u011b.<\/strong><br \/>\nGalave\u010de\u0159e s Mozartem se budou na obou m\u00edstech velmi podobat. Silvestrovsk\u00fd z\u00e1bavn\u00fd program je sestaven toto\u017en\u011b, m\u00edrn\u00fd rozd\u00edl najdete pouze ve slavnostn\u00edm \u0161estichodov\u00e9m menu. P\u016flno\u010dn\u00ed p\u0159\u00edpitek si v Boccaccio s\u00e1le u\u017eijete v komorn\u011bj\u0161\u00ed atmosf\u00e9\u0159e, oproti tomu v Obecn\u00edm dom\u011b se m\u016f\u017eete na hlavn\u00ed terase kochat atmosf\u00e9rou pra\u017esk\u00fdch ulic.<\/p>\n<p>Moc r\u00e1di v\u00e1s na jednom z t\u011bchto kr\u00e1sn\u00fdch m\u00edst p\u0159iv\u00edt\u00e1me!<\/p>\n<p>S \u00factou Va\u0161e Live City<\/p>\n","protected":false},"excerpt":{"rendered":"<p>Mil\u00ed div\u00e1ci, po velk\u00e9m \u00fasp\u011bchu Silvestrovsk\u00e9 Galave\u010de\u0159e s Mozartem v lo\u0148sk\u00e9m roce jsme se rozhodli ji letos uspo\u0159\u00e1dat na dvou m\u00edstech z\u00e1rove\u0148. Silvestr s n\u00e1mi budete moci oslavit ji\u017e tradi\u010dn\u011b v kr\u00e1sn\u00e9m neobarokn\u00edm s\u00e1le Boccaccio v Grand Hotelu Bohemia. A nov\u011b tak\u00e9 v Sladkovsk\u00e9ho s\u00e1le, v nejv\u00fdznamn\u011bj\u0161\u00ed pra\u017esk\u00e9 secesn\u00ed pam\u00e1tce, v Obecn\u00edm dom\u011b. Galave\u010de\u0159e s [&hellip;]<\/p>\n","protected":false},"author":18,"featured_media":0,"comment_status":"open","ping_status":"open","sticky":false,"template":"","format":"standard","meta":{"footnotes":""},"categories":[1],"tags":[],"class_list":["post-3474","post","type-post","status-publish","format-standard","hentry","category-uncategorized-cs"],"yoast_head":"<!-- This site is optimized with the Yoast SEO plugin v27.5 - https:\/\/yoast.com\/product\/yoast-seo-wordpress\/ -->\n<title>Silvestrovsk\u00e1 galave\u010de\u0159e s Mozartem 2018 nov\u011b i v Obecn\u00edm dom\u011b! - Mozart Dinner *****<\/title>\n<meta name=\"robots\" content=\"index, follow, max-snippet:-1, max-image-preview:large, max-video-preview:-1\" \/>\n<link rel=\"canonical\" href=\"https:\/\/mozartdinner.cz\/cs\/silvestrovska-galavecere-s-mozartem-2018-nove-v-obecnim-dome\/\" \/>\n<meta property=\"og:locale\" content=\"cs_CZ\" \/>\n<meta property=\"og:type\" content=\"article\" \/>\n<meta property=\"og:title\" content=\"Silvestrovsk\u00e1 galave\u010de\u0159e s Mozartem 2018 nov\u011b i v Obecn\u00edm dom\u011b! - Mozart Dinner *****\" \/>\n<meta property=\"og:description\" content=\"Mil\u00ed div\u00e1ci, po velk\u00e9m \u00fasp\u011bchu Silvestrovsk\u00e9 Galave\u010de\u0159e s Mozartem v lo\u0148sk\u00e9m roce jsme se rozhodli ji letos uspo\u0159\u00e1dat na dvou m\u00edstech z\u00e1rove\u0148. Silvestr s n\u00e1mi budete moci oslavit ji\u017e tradi\u010dn\u011b v kr\u00e1sn\u00e9m neobarokn\u00edm s\u00e1le Boccaccio v Grand Hotelu Bohemia. A nov\u011b tak\u00e9 v Sladkovsk\u00e9ho s\u00e1le, v nejv\u00fdznamn\u011bj\u0161\u00ed pra\u017esk\u00e9 secesn\u00ed pam\u00e1tce, v Obecn\u00edm dom\u011b. Galave\u010de\u0159e s [&hellip;]\" \/>\n<meta property=\"og:url\" content=\"https:\/\/mozartdinner.cz\/cs\/silvestrovska-galavecere-s-mozartem-2018-nove-v-obecnim-dome\/\" \/>\n<meta property=\"og:site_name\" content=\"Mozart Dinner *****\" \/>\n<meta property=\"article:published_time\" content=\"2018-02-27T16:12:59+00:00\" \/>\n<meta property=\"article:modified_time\" content=\"2018-03-25T14:56:51+00:00\" \/>\n<meta name=\"author\" content=\"Ekaterina Radchenko\" \/>\n<meta name=\"twitter:card\" content=\"summary_large_image\" \/>\n<meta name=\"twitter:label1\" content=\"Napsal(a)\" \/>\n\t<meta name=\"twitter:data1\" content=\"Ekaterina Radchenko\" \/>\n\t<meta name=\"twitter:label2\" content=\"Odhadovan\u00e1 doba \u010dten\u00ed\" \/>\n\t<meta name=\"twitter:data2\" content=\"1 minuta\" \/>\n<script type=\"application\/ld+json\" class=\"yoast-schema-graph\">{\"@context\":\"https:\\\/\\\/schema.org\",\"@graph\":[{\"@type\":\"Article\",\"@id\":\"https:\\\/\\\/mozartdinner.cz\\\/cs\\\/silvestrovska-galavecere-s-mozartem-2018-nove-v-obecnim-dome\\\/#article\",\"isPartOf\":{\"@id\":\"https:\\\/\\\/mozartdinner.cz\\\/cs\\\/silvestrovska-galavecere-s-mozartem-2018-nove-v-obecnim-dome\\\/\"},\"author\":{\"name\":\"Ekaterina Radchenko\",\"@id\":\"https:\\\/\\\/mozartdinner.cz\\\/#\\\/schema\\\/person\\\/8eb25e2bee9890b85bfe7b7d289e2ffa\"},\"headline\":\"Silvestrovsk\u00e1 galave\u010de\u0159e s Mozartem 2018 nov\u011b i v Obecn\u00edm dom\u011b!\",\"datePublished\":\"2018-02-27T16:12:59+00:00\",\"dateModified\":\"2018-03-25T14:56:51+00:00\",\"mainEntityOfPage\":{\"@id\":\"https:\\\/\\\/mozartdinner.cz\\\/cs\\\/silvestrovska-galavecere-s-mozartem-2018-nove-v-obecnim-dome\\\/\"},\"wordCount\":182,\"commentCount\":0,\"articleSection\":[\"Uncategorized @cs\"],\"inLanguage\":\"cs\",\"potentialAction\":[{\"@type\":\"CommentAction\",\"name\":\"Comment\",\"target\":[\"https:\\\/\\\/mozartdinner.cz\\\/cs\\\/silvestrovska-galavecere-s-mozartem-2018-nove-v-obecnim-dome\\\/#respond\"]}]},{\"@type\":\"WebPage\",\"@id\":\"https:\\\/\\\/mozartdinner.cz\\\/cs\\\/silvestrovska-galavecere-s-mozartem-2018-nove-v-obecnim-dome\\\/\",\"url\":\"https:\\\/\\\/mozartdinner.cz\\\/cs\\\/silvestrovska-galavecere-s-mozartem-2018-nove-v-obecnim-dome\\\/\",\"name\":\"Silvestrovsk\u00e1 galave\u010de\u0159e s Mozartem 2018 nov\u011b i v Obecn\u00edm dom\u011b! - Mozart Dinner *****\",\"isPartOf\":{\"@id\":\"https:\\\/\\\/mozartdinner.cz\\\/#website\"},\"datePublished\":\"2018-02-27T16:12:59+00:00\",\"dateModified\":\"2018-03-25T14:56:51+00:00\",\"author\":{\"@id\":\"https:\\\/\\\/mozartdinner.cz\\\/#\\\/schema\\\/person\\\/8eb25e2bee9890b85bfe7b7d289e2ffa\"},\"breadcrumb\":{\"@id\":\"https:\\\/\\\/mozartdinner.cz\\\/cs\\\/silvestrovska-galavecere-s-mozartem-2018-nove-v-obecnim-dome\\\/#breadcrumb\"},\"inLanguage\":\"cs\",\"potentialAction\":[{\"@type\":\"ReadAction\",\"target\":[\"https:\\\/\\\/mozartdinner.cz\\\/cs\\\/silvestrovska-galavecere-s-mozartem-2018-nove-v-obecnim-dome\\\/\"]}]},{\"@type\":\"BreadcrumbList\",\"@id\":\"https:\\\/\\\/mozartdinner.cz\\\/cs\\\/silvestrovska-galavecere-s-mozartem-2018-nove-v-obecnim-dome\\\/#breadcrumb\",\"itemListElement\":[{\"@type\":\"ListItem\",\"position\":1,\"name\":\"Home\",\"item\":\"https:\\\/\\\/mozartdinner.cz\\\/cs\\\/\"},{\"@type\":\"ListItem\",\"position\":2,\"name\":\"Silvestrovsk\u00e1 galave\u010de\u0159e s Mozartem 2018 nov\u011b i v Obecn\u00edm dom\u011b!\"}]},{\"@type\":\"WebSite\",\"@id\":\"https:\\\/\\\/mozartdinner.cz\\\/#website\",\"url\":\"https:\\\/\\\/mozartdinner.cz\\\/\",\"name\":\"Mozart Dinner *****\",\"description\":\"Your private opera theater in Prague\",\"potentialAction\":[{\"@type\":\"SearchAction\",\"target\":{\"@type\":\"EntryPoint\",\"urlTemplate\":\"https:\\\/\\\/mozartdinner.cz\\\/?s={search_term_string}\"},\"query-input\":{\"@type\":\"PropertyValueSpecification\",\"valueRequired\":true,\"valueName\":\"search_term_string\"}}],\"inLanguage\":\"cs\"},{\"@type\":\"Person\",\"@id\":\"https:\\\/\\\/mozartdinner.cz\\\/#\\\/schema\\\/person\\\/8eb25e2bee9890b85bfe7b7d289e2ffa\",\"name\":\"Ekaterina Radchenko\",\"image\":{\"@type\":\"ImageObject\",\"inLanguage\":\"cs\",\"@id\":\"https:\\\/\\\/secure.gravatar.com\\\/avatar\\\/eb263d091b3f8d1b2257edee8d373ae229fee296dc22d1eea54b7efaf3159de6?s=96&d=mm&r=g\",\"url\":\"https:\\\/\\\/secure.gravatar.com\\\/avatar\\\/eb263d091b3f8d1b2257edee8d373ae229fee296dc22d1eea54b7efaf3159de6?s=96&d=mm&r=g\",\"contentUrl\":\"https:\\\/\\\/secure.gravatar.com\\\/avatar\\\/eb263d091b3f8d1b2257edee8d373ae229fee296dc22d1eea54b7efaf3159de6?s=96&d=mm&r=g\",\"caption\":\"Ekaterina Radchenko\"}}]}<\/script>\n<!-- \/ Yoast SEO plugin. -->","yoast_head_json":{"title":"Silvestrovsk\u00e1 galave\u010de\u0159e s Mozartem 2018 nov\u011b i v Obecn\u00edm dom\u011b! - Mozart Dinner *****","robots":{"index":"index","follow":"follow","max-snippet":"max-snippet:-1","max-image-preview":"max-image-preview:large","max-video-preview":"max-video-preview:-1"},"canonical":"https:\/\/mozartdinner.cz\/cs\/silvestrovska-galavecere-s-mozartem-2018-nove-v-obecnim-dome\/","og_locale":"cs_CZ","og_type":"article","og_title":"Silvestrovsk\u00e1 galave\u010de\u0159e s Mozartem 2018 nov\u011b i v Obecn\u00edm dom\u011b! - Mozart Dinner *****","og_description":"Mil\u00ed div\u00e1ci, po velk\u00e9m \u00fasp\u011bchu Silvestrovsk\u00e9 Galave\u010de\u0159e s Mozartem v lo\u0148sk\u00e9m roce jsme se rozhodli ji letos uspo\u0159\u00e1dat na dvou m\u00edstech z\u00e1rove\u0148. Silvestr s n\u00e1mi budete moci oslavit ji\u017e tradi\u010dn\u011b v kr\u00e1sn\u00e9m neobarokn\u00edm s\u00e1le Boccaccio v Grand Hotelu Bohemia. A nov\u011b tak\u00e9 v Sladkovsk\u00e9ho s\u00e1le, v nejv\u00fdznamn\u011bj\u0161\u00ed pra\u017esk\u00e9 secesn\u00ed pam\u00e1tce, v Obecn\u00edm dom\u011b. Galave\u010de\u0159e s [&hellip;]","og_url":"https:\/\/mozartdinner.cz\/cs\/silvestrovska-galavecere-s-mozartem-2018-nove-v-obecnim-dome\/","og_site_name":"Mozart Dinner *****","article_published_time":"2018-02-27T16:12:59+00:00","article_modified_time":"2018-03-25T14:56:51+00:00","author":"Ekaterina Radchenko","twitter_card":"summary_large_image","twitter_misc":{"Napsal(a)":"Ekaterina Radchenko","Odhadovan\u00e1 doba \u010dten\u00ed":"1 minuta"},"schema":{"@context":"https:\/\/schema.org","@graph":[{"@type":"Article","@id":"https:\/\/mozartdinner.cz\/cs\/silvestrovska-galavecere-s-mozartem-2018-nove-v-obecnim-dome\/#article","isPartOf":{"@id":"https:\/\/mozartdinner.cz\/cs\/silvestrovska-galavecere-s-mozartem-2018-nove-v-obecnim-dome\/"},"author":{"name":"Ekaterina Radchenko","@id":"https:\/\/mozartdinner.cz\/#\/schema\/person\/8eb25e2bee9890b85bfe7b7d289e2ffa"},"headline":"Silvestrovsk\u00e1 galave\u010de\u0159e s Mozartem 2018 nov\u011b i v Obecn\u00edm dom\u011b!","datePublished":"2018-02-27T16:12:59+00:00","dateModified":"2018-03-25T14:56:51+00:00","mainEntityOfPage":{"@id":"https:\/\/mozartdinner.cz\/cs\/silvestrovska-galavecere-s-mozartem-2018-nove-v-obecnim-dome\/"},"wordCount":182,"commentCount":0,"articleSection":["Uncategorized @cs"],"inLanguage":"cs","potentialAction":[{"@type":"CommentAction","name":"Comment","target":["https:\/\/mozartdinner.cz\/cs\/silvestrovska-galavecere-s-mozartem-2018-nove-v-obecnim-dome\/#respond"]}]},{"@type":"WebPage","@id":"https:\/\/mozartdinner.cz\/cs\/silvestrovska-galavecere-s-mozartem-2018-nove-v-obecnim-dome\/","url":"https:\/\/mozartdinner.cz\/cs\/silvestrovska-galavecere-s-mozartem-2018-nove-v-obecnim-dome\/","name":"Silvestrovsk\u00e1 galave\u010de\u0159e s Mozartem 2018 nov\u011b i v Obecn\u00edm dom\u011b! - Mozart Dinner *****","isPartOf":{"@id":"https:\/\/mozartdinner.cz\/#website"},"datePublished":"2018-02-27T16:12:59+00:00","dateModified":"2018-03-25T14:56:51+00:00","author":{"@id":"https:\/\/mozartdinner.cz\/#\/schema\/person\/8eb25e2bee9890b85bfe7b7d289e2ffa"},"breadcrumb":{"@id":"https:\/\/mozartdinner.cz\/cs\/silvestrovska-galavecere-s-mozartem-2018-nove-v-obecnim-dome\/#breadcrumb"},"inLanguage":"cs","potentialAction":[{"@type":"ReadAction","target":["https:\/\/mozartdinner.cz\/cs\/silvestrovska-galavecere-s-mozartem-2018-nove-v-obecnim-dome\/"]}]},{"@type":"BreadcrumbList","@id":"https:\/\/mozartdinner.cz\/cs\/silvestrovska-galavecere-s-mozartem-2018-nove-v-obecnim-dome\/#breadcrumb","itemListElement":[{"@type":"ListItem","position":1,"name":"Home","item":"https:\/\/mozartdinner.cz\/cs\/"},{"@type":"ListItem","position":2,"name":"Silvestrovsk\u00e1 galave\u010de\u0159e s Mozartem 2018 nov\u011b i v Obecn\u00edm dom\u011b!"}]},{"@type":"WebSite","@id":"https:\/\/mozartdinner.cz\/#website","url":"https:\/\/mozartdinner.cz\/","name":"Mozart Dinner *****","description":"Your private opera theater in Prague","potentialAction":[{"@type":"SearchAction","target":{"@type":"EntryPoint","urlTemplate":"https:\/\/mozartdinner.cz\/?s={search_term_string}"},"query-input":{"@type":"PropertyValueSpecification","valueRequired":true,"valueName":"search_term_string"}}],"inLanguage":"cs"},{"@type":"Person","@id":"https:\/\/mozartdinner.cz\/#\/schema\/person\/8eb25e2bee9890b85bfe7b7d289e2ffa","name":"Ekaterina Radchenko","image":{"@type":"ImageObject","inLanguage":"cs","@id":"https:\/\/secure.gravatar.com\/avatar\/eb263d091b3f8d1b2257edee8d373ae229fee296dc22d1eea54b7efaf3159de6?s=96&d=mm&r=g","url":"https:\/\/secure.gravatar.com\/avatar\/eb263d091b3f8d1b2257edee8d373ae229fee296dc22d1eea54b7efaf3159de6?s=96&d=mm&r=g","contentUrl":"https:\/\/secure.gravatar.com\/avatar\/eb263d091b3f8d1b2257edee8d373ae229fee296dc22d1eea54b7efaf3159de6?s=96&d=mm&r=g","caption":"Ekaterina Radchenko"}}]}},"publishpress_future_workflow_manual_trigger":{"enabledWorkflows":[]},"_links":{"self":[{"href":"https:\/\/mozartdinner.cz\/cs\/wp-json\/wp\/v2\/posts\/3474","targetHints":{"allow":["GET"]}}],"collection":[{"href":"https:\/\/mozartdinner.cz\/cs\/wp-json\/wp\/v2\/posts"}],"about":[{"href":"https:\/\/mozartdinner.cz\/cs\/wp-json\/wp\/v2\/types\/post"}],"author":[{"embeddable":true,"href":"https:\/\/mozartdinner.cz\/cs\/wp-json\/wp\/v2\/users\/18"}],"replies":[{"embeddable":true,"href":"https:\/\/mozartdinner.cz\/cs\/wp-json\/wp\/v2\/comments?post=3474"}],"version-history":[{"count":5,"href":"https:\/\/mozartdinner.cz\/cs\/wp-json\/wp\/v2\/posts\/3474\/revisions"}],"predecessor-version":[{"id":4057,"href":"https:\/\/mozartdinner.cz\/cs\/wp-json\/wp\/v2\/posts\/3474\/revisions\/4057"}],"wp:attachment":[{"href":"https:\/\/mozartdinner.cz\/cs\/wp-json\/wp\/v2\/media?parent=3474"}],"wp:term":[{"taxonomy":"category","embeddable":true,"href":"https:\/\/mozartdinner.cz\/cs\/wp-json\/wp\/v2\/categories?post=3474"},{"taxonomy":"post_tag","embeddable":true,"href":"https:\/\/mozartdinner.cz\/cs\/wp-json\/wp\/v2\/tags?post=3474"}],"curies":[{"name":"wp","href":"https:\/\/api.w.org\/{rel}","templated":true}]}}