{"id":29742,"date":"2024-05-12T14:36:46","date_gmt":"2024-05-12T12:36:46","guid":{"rendered":"https:\/\/mozartdinner.cz\/?p=29742"},"modified":"2024-05-12T14:36:46","modified_gmt":"2024-05-12T12:36:46","slug":"exkluzivni-prilezitost-k-oslave-dne-matek","status":"publish","type":"post","link":"https:\/\/mozartdinner.cz\/cs\/exkluzivni-prilezitost-k-oslave-dne-matek\/","title":{"rendered":"Exkluzivn\u00ed p\u0159\u00edle\u017eitost k oslav\u011b Dne matek!"},"content":{"rendered":"<p>Mil\u00ed host\u00e9,<\/p>\n<p>P\u0159ejeme V\u00e1m kr\u00e1sn\u00fd den matky pln\u00fd l\u00e1sky a radosti! Co takhle ud\u011blat tento den je\u0161t\u011b speci\u00e1ln\u011bj\u0161\u00edm a darovat nezapomenuteln\u00fd z\u00e1\u017eitek pln\u00fd hudby, elegance a lahodn\u00e9ho j\u00eddla na Ve\u010de\u0159i s Mozartem? P\u0159ipojte se k n\u00e1m, kde si m\u016f\u017eete u\u017e\u00edt nejen kr\u00e1sn\u00fd hudebn\u00ed ve\u010der, ale i exkluzivn\u00ed kulinarick\u00fd z\u00e1\u017eitek.<\/p>\n<p>M\u016f\u017eete si zakoupit l\u00edstky p\u0159\u00edmo na na\u0161em webu <a href=\"https:\/\/mozartdinner.cz\/cs\/vyber-terminu\/\">https:\/\/mozartdinner.cz\/cs\/vyber-terminu\/<\/a> . Darujte sv\u00e9 milovan\u00e9 jedine\u010dn\u00fd z\u00e1\u017eitek, kter\u00fd si budou pamatovat nav\u017edy! <img loading=\"lazy\" decoding=\"async\" src=\"https:\/\/static.xx.fbcdn.net\/images\/emoji.php\/v9\/ted\/2\/16\/2764.png\" alt=\"\u2764\" width=\"16\" height=\"16\" \/><\/p>\n<p><img loading=\"lazy\" decoding=\"async\" class=\"alignnone size-medium wp-image-29737\" src=\"https:\/\/mozartdinner.cz\/wp-content\/uploads\/2024\/05\/20190913-17-09-17-600x400.jpg\" alt=\"\" width=\"600\" height=\"400\" srcset=\"https:\/\/mozartdinner.cz\/wp-content\/uploads\/2024\/05\/20190913-17-09-17-600x400.jpg 600w, https:\/\/mozartdinner.cz\/wp-content\/uploads\/2024\/05\/20190913-17-09-17-1024x683.jpg 1024w, https:\/\/mozartdinner.cz\/wp-content\/uploads\/2024\/05\/20190913-17-09-17-768x512.jpg 768w, https:\/\/mozartdinner.cz\/wp-content\/uploads\/2024\/05\/20190913-17-09-17-1536x1024.jpg 1536w, https:\/\/mozartdinner.cz\/wp-content\/uploads\/2024\/05\/20190913-17-09-17-2048x1366.jpg 2048w\" sizes=\"auto, (max-width: 600px) 100vw, 600px\" \/><\/p>\n<p>S l\u00e1skou,<\/p>\n<p>T\u00fdm LiveCity<\/p>\n","protected":false},"excerpt":{"rendered":"<p>Mil\u00ed host\u00e9, P\u0159ejeme V\u00e1m kr\u00e1sn\u00fd den matky pln\u00fd l\u00e1sky a radosti! Co takhle ud\u011blat tento den je\u0161t\u011b speci\u00e1ln\u011bj\u0161\u00edm a darovat nezapomenuteln\u00fd z\u00e1\u017eitek pln\u00fd hudby, elegance a lahodn\u00e9ho j\u00eddla na Ve\u010de\u0159i s Mozartem? P\u0159ipojte se k n\u00e1m, kde si m\u016f\u017eete u\u017e\u00edt nejen kr\u00e1sn\u00fd hudebn\u00ed ve\u010der, ale i exkluzivn\u00ed kulinarick\u00fd z\u00e1\u017eitek. M\u016f\u017eete si zakoupit l\u00edstky p\u0159\u00edmo na [&hellip;]<\/p>\n","protected":false},"author":18,"featured_media":0,"comment_status":"open","ping_status":"open","sticky":false,"template":"","format":"standard","meta":{"footnotes":""},"categories":[1],"tags":[],"class_list":["post-29742","post","type-post","status-publish","format-standard","hentry","category-uncategorized-cs"],"yoast_head":"<!-- This site is optimized with the Yoast SEO plugin v27.5 - https:\/\/yoast.com\/product\/yoast-seo-wordpress\/ -->\n<title>Exkluzivn\u00ed p\u0159\u00edle\u017eitost k oslav\u011b Dne matek! - Mozart Dinner *****<\/title>\n<meta name=\"robots\" content=\"index, follow, max-snippet:-1, max-image-preview:large, max-video-preview:-1\" \/>\n<link rel=\"canonical\" href=\"https:\/\/mozartdinner.cz\/cs\/exkluzivni-prilezitost-k-oslave-dne-matek\/\" \/>\n<meta property=\"og:locale\" content=\"cs_CZ\" \/>\n<meta property=\"og:type\" content=\"article\" \/>\n<meta property=\"og:title\" content=\"Exkluzivn\u00ed p\u0159\u00edle\u017eitost k oslav\u011b Dne matek! - Mozart Dinner *****\" \/>\n<meta property=\"og:description\" content=\"Mil\u00ed host\u00e9, P\u0159ejeme V\u00e1m kr\u00e1sn\u00fd den matky pln\u00fd l\u00e1sky a radosti! Co takhle ud\u011blat tento den je\u0161t\u011b speci\u00e1ln\u011bj\u0161\u00edm a darovat nezapomenuteln\u00fd z\u00e1\u017eitek pln\u00fd hudby, elegance a lahodn\u00e9ho j\u00eddla na Ve\u010de\u0159i s Mozartem? P\u0159ipojte se k n\u00e1m, kde si m\u016f\u017eete u\u017e\u00edt nejen kr\u00e1sn\u00fd hudebn\u00ed ve\u010der, ale i exkluzivn\u00ed kulinarick\u00fd z\u00e1\u017eitek. M\u016f\u017eete si zakoupit l\u00edstky p\u0159\u00edmo na [&hellip;]\" \/>\n<meta property=\"og:url\" content=\"https:\/\/mozartdinner.cz\/cs\/exkluzivni-prilezitost-k-oslave-dne-matek\/\" \/>\n<meta property=\"og:site_name\" content=\"Mozart Dinner *****\" \/>\n<meta property=\"article:published_time\" content=\"2024-05-12T12:36:46+00:00\" \/>\n<meta property=\"og:image\" content=\"https:\/\/static.xx.fbcdn.net\/images\/emoji.php\/v9\/ted\/2\/16\/2764.png\" \/>\n<meta name=\"author\" content=\"Ekaterina Radchenko\" \/>\n<meta name=\"twitter:card\" content=\"summary_large_image\" \/>\n<meta name=\"twitter:label1\" content=\"Napsal(a)\" \/>\n\t<meta name=\"twitter:data1\" content=\"Ekaterina Radchenko\" \/>\n\t<meta name=\"twitter:label2\" content=\"Odhadovan\u00e1 doba \u010dten\u00ed\" \/>\n\t<meta name=\"twitter:data2\" content=\"1 minuta\" \/>\n<script type=\"application\/ld+json\" class=\"yoast-schema-graph\">{\"@context\":\"https:\\\/\\\/schema.org\",\"@graph\":[{\"@type\":\"Article\",\"@id\":\"https:\\\/\\\/mozartdinner.cz\\\/cs\\\/exkluzivni-prilezitost-k-oslave-dne-matek\\\/#article\",\"isPartOf\":{\"@id\":\"https:\\\/\\\/mozartdinner.cz\\\/cs\\\/exkluzivni-prilezitost-k-oslave-dne-matek\\\/\"},\"author\":{\"name\":\"Ekaterina Radchenko\",\"@id\":\"https:\\\/\\\/mozartdinner.cz\\\/#\\\/schema\\\/person\\\/8eb25e2bee9890b85bfe7b7d289e2ffa\"},\"headline\":\"Exkluzivn\u00ed p\u0159\u00edle\u017eitost k oslav\u011b Dne matek!\",\"datePublished\":\"2024-05-12T12:36:46+00:00\",\"mainEntityOfPage\":{\"@id\":\"https:\\\/\\\/mozartdinner.cz\\\/cs\\\/exkluzivni-prilezitost-k-oslave-dne-matek\\\/\"},\"wordCount\":114,\"commentCount\":0,\"image\":{\"@id\":\"https:\\\/\\\/mozartdinner.cz\\\/cs\\\/exkluzivni-prilezitost-k-oslave-dne-matek\\\/#primaryimage\"},\"thumbnailUrl\":\"https:\\\/\\\/static.xx.fbcdn.net\\\/images\\\/emoji.php\\\/v9\\\/ted\\\/2\\\/16\\\/2764.png\",\"articleSection\":[\"Uncategorized @cs\"],\"inLanguage\":\"cs\",\"potentialAction\":[{\"@type\":\"CommentAction\",\"name\":\"Comment\",\"target\":[\"https:\\\/\\\/mozartdinner.cz\\\/cs\\\/exkluzivni-prilezitost-k-oslave-dne-matek\\\/#respond\"]}]},{\"@type\":\"WebPage\",\"@id\":\"https:\\\/\\\/mozartdinner.cz\\\/cs\\\/exkluzivni-prilezitost-k-oslave-dne-matek\\\/\",\"url\":\"https:\\\/\\\/mozartdinner.cz\\\/cs\\\/exkluzivni-prilezitost-k-oslave-dne-matek\\\/\",\"name\":\"Exkluzivn\u00ed p\u0159\u00edle\u017eitost k oslav\u011b Dne matek! - Mozart Dinner *****\",\"isPartOf\":{\"@id\":\"https:\\\/\\\/mozartdinner.cz\\\/#website\"},\"primaryImageOfPage\":{\"@id\":\"https:\\\/\\\/mozartdinner.cz\\\/cs\\\/exkluzivni-prilezitost-k-oslave-dne-matek\\\/#primaryimage\"},\"image\":{\"@id\":\"https:\\\/\\\/mozartdinner.cz\\\/cs\\\/exkluzivni-prilezitost-k-oslave-dne-matek\\\/#primaryimage\"},\"thumbnailUrl\":\"https:\\\/\\\/static.xx.fbcdn.net\\\/images\\\/emoji.php\\\/v9\\\/ted\\\/2\\\/16\\\/2764.png\",\"datePublished\":\"2024-05-12T12:36:46+00:00\",\"author\":{\"@id\":\"https:\\\/\\\/mozartdinner.cz\\\/#\\\/schema\\\/person\\\/8eb25e2bee9890b85bfe7b7d289e2ffa\"},\"breadcrumb\":{\"@id\":\"https:\\\/\\\/mozartdinner.cz\\\/cs\\\/exkluzivni-prilezitost-k-oslave-dne-matek\\\/#breadcrumb\"},\"inLanguage\":\"cs\",\"potentialAction\":[{\"@type\":\"ReadAction\",\"target\":[\"https:\\\/\\\/mozartdinner.cz\\\/cs\\\/exkluzivni-prilezitost-k-oslave-dne-matek\\\/\"]}]},{\"@type\":\"ImageObject\",\"inLanguage\":\"cs\",\"@id\":\"https:\\\/\\\/mozartdinner.cz\\\/cs\\\/exkluzivni-prilezitost-k-oslave-dne-matek\\\/#primaryimage\",\"url\":\"https:\\\/\\\/static.xx.fbcdn.net\\\/images\\\/emoji.php\\\/v9\\\/ted\\\/2\\\/16\\\/2764.png\",\"contentUrl\":\"https:\\\/\\\/static.xx.fbcdn.net\\\/images\\\/emoji.php\\\/v9\\\/ted\\\/2\\\/16\\\/2764.png\"},{\"@type\":\"BreadcrumbList\",\"@id\":\"https:\\\/\\\/mozartdinner.cz\\\/cs\\\/exkluzivni-prilezitost-k-oslave-dne-matek\\\/#breadcrumb\",\"itemListElement\":[{\"@type\":\"ListItem\",\"position\":1,\"name\":\"Home\",\"item\":\"https:\\\/\\\/mozartdinner.cz\\\/cs\\\/\"},{\"@type\":\"ListItem\",\"position\":2,\"name\":\"Exkluzivn\u00ed p\u0159\u00edle\u017eitost k oslav\u011b Dne matek!\"}]},{\"@type\":\"WebSite\",\"@id\":\"https:\\\/\\\/mozartdinner.cz\\\/#website\",\"url\":\"https:\\\/\\\/mozartdinner.cz\\\/\",\"name\":\"Mozart Dinner *****\",\"description\":\"Your private opera theater in Prague\",\"potentialAction\":[{\"@type\":\"SearchAction\",\"target\":{\"@type\":\"EntryPoint\",\"urlTemplate\":\"https:\\\/\\\/mozartdinner.cz\\\/?s={search_term_string}\"},\"query-input\":{\"@type\":\"PropertyValueSpecification\",\"valueRequired\":true,\"valueName\":\"search_term_string\"}}],\"inLanguage\":\"cs\"},{\"@type\":\"Person\",\"@id\":\"https:\\\/\\\/mozartdinner.cz\\\/#\\\/schema\\\/person\\\/8eb25e2bee9890b85bfe7b7d289e2ffa\",\"name\":\"Ekaterina Radchenko\",\"image\":{\"@type\":\"ImageObject\",\"inLanguage\":\"cs\",\"@id\":\"https:\\\/\\\/secure.gravatar.com\\\/avatar\\\/eb263d091b3f8d1b2257edee8d373ae229fee296dc22d1eea54b7efaf3159de6?s=96&d=mm&r=g\",\"url\":\"https:\\\/\\\/secure.gravatar.com\\\/avatar\\\/eb263d091b3f8d1b2257edee8d373ae229fee296dc22d1eea54b7efaf3159de6?s=96&d=mm&r=g\",\"contentUrl\":\"https:\\\/\\\/secure.gravatar.com\\\/avatar\\\/eb263d091b3f8d1b2257edee8d373ae229fee296dc22d1eea54b7efaf3159de6?s=96&d=mm&r=g\",\"caption\":\"Ekaterina Radchenko\"}}]}<\/script>\n<!-- \/ Yoast SEO plugin. -->","yoast_head_json":{"title":"Exkluzivn\u00ed p\u0159\u00edle\u017eitost k oslav\u011b Dne matek! - Mozart Dinner *****","robots":{"index":"index","follow":"follow","max-snippet":"max-snippet:-1","max-image-preview":"max-image-preview:large","max-video-preview":"max-video-preview:-1"},"canonical":"https:\/\/mozartdinner.cz\/cs\/exkluzivni-prilezitost-k-oslave-dne-matek\/","og_locale":"cs_CZ","og_type":"article","og_title":"Exkluzivn\u00ed p\u0159\u00edle\u017eitost k oslav\u011b Dne matek! - Mozart Dinner *****","og_description":"Mil\u00ed host\u00e9, P\u0159ejeme V\u00e1m kr\u00e1sn\u00fd den matky pln\u00fd l\u00e1sky a radosti! Co takhle ud\u011blat tento den je\u0161t\u011b speci\u00e1ln\u011bj\u0161\u00edm a darovat nezapomenuteln\u00fd z\u00e1\u017eitek pln\u00fd hudby, elegance a lahodn\u00e9ho j\u00eddla na Ve\u010de\u0159i s Mozartem? P\u0159ipojte se k n\u00e1m, kde si m\u016f\u017eete u\u017e\u00edt nejen kr\u00e1sn\u00fd hudebn\u00ed ve\u010der, ale i exkluzivn\u00ed kulinarick\u00fd z\u00e1\u017eitek. M\u016f\u017eete si zakoupit l\u00edstky p\u0159\u00edmo na [&hellip;]","og_url":"https:\/\/mozartdinner.cz\/cs\/exkluzivni-prilezitost-k-oslave-dne-matek\/","og_site_name":"Mozart Dinner *****","article_published_time":"2024-05-12T12:36:46+00:00","og_image":[{"url":"https:\/\/static.xx.fbcdn.net\/images\/emoji.php\/v9\/ted\/2\/16\/2764.png","type":"","width":"","height":""}],"author":"Ekaterina Radchenko","twitter_card":"summary_large_image","twitter_misc":{"Napsal(a)":"Ekaterina Radchenko","Odhadovan\u00e1 doba \u010dten\u00ed":"1 minuta"},"schema":{"@context":"https:\/\/schema.org","@graph":[{"@type":"Article","@id":"https:\/\/mozartdinner.cz\/cs\/exkluzivni-prilezitost-k-oslave-dne-matek\/#article","isPartOf":{"@id":"https:\/\/mozartdinner.cz\/cs\/exkluzivni-prilezitost-k-oslave-dne-matek\/"},"author":{"name":"Ekaterina Radchenko","@id":"https:\/\/mozartdinner.cz\/#\/schema\/person\/8eb25e2bee9890b85bfe7b7d289e2ffa"},"headline":"Exkluzivn\u00ed p\u0159\u00edle\u017eitost k oslav\u011b Dne matek!","datePublished":"2024-05-12T12:36:46+00:00","mainEntityOfPage":{"@id":"https:\/\/mozartdinner.cz\/cs\/exkluzivni-prilezitost-k-oslave-dne-matek\/"},"wordCount":114,"commentCount":0,"image":{"@id":"https:\/\/mozartdinner.cz\/cs\/exkluzivni-prilezitost-k-oslave-dne-matek\/#primaryimage"},"thumbnailUrl":"https:\/\/static.xx.fbcdn.net\/images\/emoji.php\/v9\/ted\/2\/16\/2764.png","articleSection":["Uncategorized @cs"],"inLanguage":"cs","potentialAction":[{"@type":"CommentAction","name":"Comment","target":["https:\/\/mozartdinner.cz\/cs\/exkluzivni-prilezitost-k-oslave-dne-matek\/#respond"]}]},{"@type":"WebPage","@id":"https:\/\/mozartdinner.cz\/cs\/exkluzivni-prilezitost-k-oslave-dne-matek\/","url":"https:\/\/mozartdinner.cz\/cs\/exkluzivni-prilezitost-k-oslave-dne-matek\/","name":"Exkluzivn\u00ed p\u0159\u00edle\u017eitost k oslav\u011b Dne matek! - Mozart Dinner *****","isPartOf":{"@id":"https:\/\/mozartdinner.cz\/#website"},"primaryImageOfPage":{"@id":"https:\/\/mozartdinner.cz\/cs\/exkluzivni-prilezitost-k-oslave-dne-matek\/#primaryimage"},"image":{"@id":"https:\/\/mozartdinner.cz\/cs\/exkluzivni-prilezitost-k-oslave-dne-matek\/#primaryimage"},"thumbnailUrl":"https:\/\/static.xx.fbcdn.net\/images\/emoji.php\/v9\/ted\/2\/16\/2764.png","datePublished":"2024-05-12T12:36:46+00:00","author":{"@id":"https:\/\/mozartdinner.cz\/#\/schema\/person\/8eb25e2bee9890b85bfe7b7d289e2ffa"},"breadcrumb":{"@id":"https:\/\/mozartdinner.cz\/cs\/exkluzivni-prilezitost-k-oslave-dne-matek\/#breadcrumb"},"inLanguage":"cs","potentialAction":[{"@type":"ReadAction","target":["https:\/\/mozartdinner.cz\/cs\/exkluzivni-prilezitost-k-oslave-dne-matek\/"]}]},{"@type":"ImageObject","inLanguage":"cs","@id":"https:\/\/mozartdinner.cz\/cs\/exkluzivni-prilezitost-k-oslave-dne-matek\/#primaryimage","url":"https:\/\/static.xx.fbcdn.net\/images\/emoji.php\/v9\/ted\/2\/16\/2764.png","contentUrl":"https:\/\/static.xx.fbcdn.net\/images\/emoji.php\/v9\/ted\/2\/16\/2764.png"},{"@type":"BreadcrumbList","@id":"https:\/\/mozartdinner.cz\/cs\/exkluzivni-prilezitost-k-oslave-dne-matek\/#breadcrumb","itemListElement":[{"@type":"ListItem","position":1,"name":"Home","item":"https:\/\/mozartdinner.cz\/cs\/"},{"@type":"ListItem","position":2,"name":"Exkluzivn\u00ed p\u0159\u00edle\u017eitost k oslav\u011b Dne matek!"}]},{"@type":"WebSite","@id":"https:\/\/mozartdinner.cz\/#website","url":"https:\/\/mozartdinner.cz\/","name":"Mozart Dinner *****","description":"Your private opera theater in Prague","potentialAction":[{"@type":"SearchAction","target":{"@type":"EntryPoint","urlTemplate":"https:\/\/mozartdinner.cz\/?s={search_term_string}"},"query-input":{"@type":"PropertyValueSpecification","valueRequired":true,"valueName":"search_term_string"}}],"inLanguage":"cs"},{"@type":"Person","@id":"https:\/\/mozartdinner.cz\/#\/schema\/person\/8eb25e2bee9890b85bfe7b7d289e2ffa","name":"Ekaterina Radchenko","image":{"@type":"ImageObject","inLanguage":"cs","@id":"https:\/\/secure.gravatar.com\/avatar\/eb263d091b3f8d1b2257edee8d373ae229fee296dc22d1eea54b7efaf3159de6?s=96&d=mm&r=g","url":"https:\/\/secure.gravatar.com\/avatar\/eb263d091b3f8d1b2257edee8d373ae229fee296dc22d1eea54b7efaf3159de6?s=96&d=mm&r=g","contentUrl":"https:\/\/secure.gravatar.com\/avatar\/eb263d091b3f8d1b2257edee8d373ae229fee296dc22d1eea54b7efaf3159de6?s=96&d=mm&r=g","caption":"Ekaterina Radchenko"}}]}},"publishpress_future_workflow_manual_trigger":{"enabledWorkflows":[]},"_links":{"self":[{"href":"https:\/\/mozartdinner.cz\/cs\/wp-json\/wp\/v2\/posts\/29742","targetHints":{"allow":["GET"]}}],"collection":[{"href":"https:\/\/mozartdinner.cz\/cs\/wp-json\/wp\/v2\/posts"}],"about":[{"href":"https:\/\/mozartdinner.cz\/cs\/wp-json\/wp\/v2\/types\/post"}],"author":[{"embeddable":true,"href":"https:\/\/mozartdinner.cz\/cs\/wp-json\/wp\/v2\/users\/18"}],"replies":[{"embeddable":true,"href":"https:\/\/mozartdinner.cz\/cs\/wp-json\/wp\/v2\/comments?post=29742"}],"version-history":[{"count":1,"href":"https:\/\/mozartdinner.cz\/cs\/wp-json\/wp\/v2\/posts\/29742\/revisions"}],"predecessor-version":[{"id":29743,"href":"https:\/\/mozartdinner.cz\/cs\/wp-json\/wp\/v2\/posts\/29742\/revisions\/29743"}],"wp:attachment":[{"href":"https:\/\/mozartdinner.cz\/cs\/wp-json\/wp\/v2\/media?parent=29742"}],"wp:term":[{"taxonomy":"category","embeddable":true,"href":"https:\/\/mozartdinner.cz\/cs\/wp-json\/wp\/v2\/categories?post=29742"},{"taxonomy":"post_tag","embeddable":true,"href":"https:\/\/mozartdinner.cz\/cs\/wp-json\/wp\/v2\/tags?post=29742"}],"curies":[{"name":"wp","href":"https:\/\/api.w.org\/{rel}","templated":true}]}}